{"id":36293,"date":"2026-04-27T11:06:34","date_gmt":"2026-04-27T10:06:34","guid":{"rendered":"https:\/\/www.fld-lille.fr\/?p=36293"},"modified":"2026-04-27T12:59:13","modified_gmt":"2026-04-27T11:59:13","slug":"our-students-in-international-immersion-in-athens","status":"publish","type":"post","link":"https:\/\/www.fld-lille.fr\/en\/our-students-in-international-immersion-in-athens\/","title":{"rendered":"Our students in international immersion in Athens"},"content":{"rendered":"<p>On 23 and 24 April 2026, several students from the <strong>Master\u2019s 2 programme in <a href=\"https:\/\/www.fld-lille.fr\/en\/course\/llm-international-and-european-law-human-rights-security-development\/\" target=\"_blank\" rel=\"noopener\">Human Rights, Security and Development<\/a><\/strong> of the <strong>Faculty of Law of the Universit\u00e9 Catholique de Lille<\/strong> took part in an international conference organised at the <a href=\"https:\/\/en.uoa.gr\/\" target=\"_blank\" rel=\"noopener\"><strong>National and Kapodistrian University of Athens<\/strong><\/a>, in partnership with the <a href=\"https:\/\/www.c3rd.fr\/\" target=\"_blank\" rel=\"noopener\"><strong>C3RD<\/strong><\/a> and the <a href=\"https:\/\/www.europeanlawyersinlesvos.eu\/\" target=\"_blank\" rel=\"noopener\"><strong>European Lawyers in Lesvos (ELIL)<\/strong><\/a> organisation.<\/p>\n<p>Entitled <em>&#8220;Governing Asylum at the EU External Borders: The Transformation of Border Governance under the New Pact on Migration and Asylum&#8221;<\/em>, this event \u2013 organised under the academic supervision of <strong>Dr Silvia Bartolini<\/strong> (Associate Professor of EU Law and co-director of the Bilingual European Law Degree \u2013 FLD), <strong>Pr. Revekka-Emmanouela Papadopoulou<\/strong> (Professor of EU Law \u2013 National and Kapodistrian University of Athens) and <strong>Sian Donkers<\/strong> (PhD candidate in EU Asylum Law \u2013 Scuola Superiore di Sant\u2019Anna), brought together students, academics, legal practitioners and civil society representatives to discuss a topic at the heart of current European issues: the evolution of migration policies and asylum law at the European Union\u2019s external borders.<\/p>\n<p>This initiative falls within the scope of the European Asylum Law <strong>Legal Clinic<\/strong>, offered as part of the Master\u2019s programme, which provides a complete experience combining academic research, public speaking in an international context and practical work experience in the field.<\/p>\n<p style=\"text-align: center;\"><a href=\"https:\/\/www.fld-lille.fr\/wp-content\/uploads\/2026\/04\/ACTUS-SITE-FLD-2026-04-27T113422.726.png\"><img loading=\"lazy\" decoding=\"async\" class=\"alignnone wp-image-36319\" src=\"https:\/\/www.fld-lille.fr\/wp-content\/uploads\/2026\/04\/ACTUS-SITE-FLD-2026-04-27T113422.726-300x158.png\" alt=\"\" width=\"363\" height=\"191\" srcset=\"https:\/\/www.fld-lille.fr\/wp-content\/uploads\/2026\/04\/ACTUS-SITE-FLD-2026-04-27T113422.726-300x158.png 300w, https:\/\/www.fld-lille.fr\/wp-content\/uploads\/2026\/04\/ACTUS-SITE-FLD-2026-04-27T113422.726-1024x541.png 1024w, https:\/\/www.fld-lille.fr\/wp-content\/uploads\/2026\/04\/ACTUS-SITE-FLD-2026-04-27T113422.726-768x406.png 768w, https:\/\/www.fld-lille.fr\/wp-content\/uploads\/2026\/04\/ACTUS-SITE-FLD-2026-04-27T113422.726.png 1172w\" sizes=\"auto, (max-width: 363px) 100vw, 363px\" \/><\/a><\/p>\n<h5><span style=\"color: #ff0000;\"><strong>A research study on major legal issues<\/strong><\/span><\/h5>\n<p>Throughout the year, students undertook supervised research into a range of issues relating to changes in European asylum law, particularly in the context of the new European Pact on Migration and Asylum.<\/p>\n<p>The conference addressed a number of key issues: border control procedures, the risks of detention, the protection of unaccompanied minors, the outsourcing of migration policies, and the role of fundamental rights in the management of migration flows.<\/p>\n<p>Alongside many international experts from Greece, Italy, the Netherlands, Georgia and Hungary, the <strong>Faculty of Law of the Universit\u00e9 Catholique de Lille<\/strong> was represented by <strong>Sarah Durelle-Marc<\/strong> (Dean of our faculty), as well as by <strong>Ioannis Panoussis<\/strong> (Professor of International Law) and <strong>Silvia Bartonolini<\/strong> (Associate Professor of EU Law).<\/p>\n<p style=\"text-align: center;\"><a href=\"https:\/\/www.fld-lille.fr\/wp-content\/uploads\/2026\/04\/ACTUS-SITE-FLD-2026-04-27T113326.603.png\"><img loading=\"lazy\" decoding=\"async\" class=\"alignnone wp-image-36317\" src=\"https:\/\/www.fld-lille.fr\/wp-content\/uploads\/2026\/04\/ACTUS-SITE-FLD-2026-04-27T113326.603-300x158.png\" alt=\"\" width=\"363\" height=\"191\" srcset=\"https:\/\/www.fld-lille.fr\/wp-content\/uploads\/2026\/04\/ACTUS-SITE-FLD-2026-04-27T113326.603-300x158.png 300w, https:\/\/www.fld-lille.fr\/wp-content\/uploads\/2026\/04\/ACTUS-SITE-FLD-2026-04-27T113326.603-1024x541.png 1024w, https:\/\/www.fld-lille.fr\/wp-content\/uploads\/2026\/04\/ACTUS-SITE-FLD-2026-04-27T113326.603-768x406.png 768w, https:\/\/www.fld-lille.fr\/wp-content\/uploads\/2026\/04\/ACTUS-SITE-FLD-2026-04-27T113326.603.png 1172w\" sizes=\"auto, (max-width: 363px) 100vw, 363px\" \/><\/a><\/p>\n<h5><span style=\"color: #ff0000;\"><strong>Students make their voices heard on the international stage<\/strong><\/span><\/h5>\n<p>A highlight of this experience was our students presenting their work on the final day of the conference, which was dedicated to the<strong> Legal Clinic of the Master\u2019s programme in Human Rights, Security and Development.<\/strong><\/p>\n<p>Two groups were thus able to address sensitive issues:<\/p>\n<ul>\n<li><em>&#8220;Screening at the EU External Border and the Risk of De Facto Detention&#8221;<\/em>, presented by <strong>Leonider Opande and Megi Tymi<\/strong>;<\/li>\n<li><em>&#8220;Age Assessment as a Gateway to Child Protection: Does the New Pact Ensure the Best Interests of the Child for Unaccompanied Minors?&#8221;<\/em>, presented by <strong>Louise Coupez, L\u00e9onore Dubost and M\u00e9lanie Morel<\/strong>.<\/li>\n<\/ul>\n<p>A valuable opportunity for them to showcase several months of research within an international academic setting and to engage with leading experts in European asylum law.<\/p>\n<p style=\"text-align: center;\"><a href=\"https:\/\/www.fld-lille.fr\/wp-content\/uploads\/2026\/04\/ACTUS-SITE-FLD-2026-04-27T113243.483-2.png\"><img loading=\"lazy\" decoding=\"async\" class=\"alignnone wp-image-36326\" src=\"https:\/\/www.fld-lille.fr\/wp-content\/uploads\/2026\/04\/ACTUS-SITE-FLD-2026-04-27T113243.483-2-300x158.png\" alt=\"\" width=\"351\" height=\"185\" srcset=\"https:\/\/www.fld-lille.fr\/wp-content\/uploads\/2026\/04\/ACTUS-SITE-FLD-2026-04-27T113243.483-2-300x158.png 300w, https:\/\/www.fld-lille.fr\/wp-content\/uploads\/2026\/04\/ACTUS-SITE-FLD-2026-04-27T113243.483-2-1024x541.png 1024w, https:\/\/www.fld-lille.fr\/wp-content\/uploads\/2026\/04\/ACTUS-SITE-FLD-2026-04-27T113243.483-2-768x406.png 768w, https:\/\/www.fld-lille.fr\/wp-content\/uploads\/2026\/04\/ACTUS-SITE-FLD-2026-04-27T113243.483-2.png 1172w\" sizes=\"auto, (max-width: 351px) 100vw, 351px\" \/><\/a><a href=\"https:\/\/www.fld-lille.fr\/wp-content\/uploads\/2026\/04\/ACTUS-SITE-FLD-2026-04-27T113155.100-1.png\"><img loading=\"lazy\" decoding=\"async\" class=\"alignnone wp-image-36328\" src=\"https:\/\/www.fld-lille.fr\/wp-content\/uploads\/2026\/04\/ACTUS-SITE-FLD-2026-04-27T113155.100-1-300x158.png\" alt=\"\" width=\"349\" height=\"184\" srcset=\"https:\/\/www.fld-lille.fr\/wp-content\/uploads\/2026\/04\/ACTUS-SITE-FLD-2026-04-27T113155.100-1-300x158.png 300w, https:\/\/www.fld-lille.fr\/wp-content\/uploads\/2026\/04\/ACTUS-SITE-FLD-2026-04-27T113155.100-1-1024x541.png 1024w, https:\/\/www.fld-lille.fr\/wp-content\/uploads\/2026\/04\/ACTUS-SITE-FLD-2026-04-27T113155.100-1-768x406.png 768w, https:\/\/www.fld-lille.fr\/wp-content\/uploads\/2026\/04\/ACTUS-SITE-FLD-2026-04-27T113155.100-1.png 1172w\" sizes=\"auto, (max-width: 349px) 100vw, 349px\" \/><\/a><\/p>\n<h5><span style=\"color: #ff0000;\"><strong>Real-world experience with European Lawyers in Lesvos<\/strong><\/span><\/h5>\n<p>Following the conference, the experience will continue with an immersive<strong> internship alongside the teams of the European Lawyers in Lesvos organisation<\/strong>. Whilst there, our students will volunteer to provide legal support to people seeking international protection and gain first-hand insight into the realities of asylum law on the field.<\/p>\n<p style=\"text-align: center;\"><a href=\"https:\/\/www.fld-lille.fr\/wp-content\/uploads\/2026\/04\/ACTUS-SITE-FLD-2026-04-27T113058.884-1.png\"><img loading=\"lazy\" decoding=\"async\" class=\"alignnone wp-image-36322\" src=\"https:\/\/www.fld-lille.fr\/wp-content\/uploads\/2026\/04\/ACTUS-SITE-FLD-2026-04-27T113058.884-1-300x158.png\" alt=\"\" width=\"367\" height=\"193\" srcset=\"https:\/\/www.fld-lille.fr\/wp-content\/uploads\/2026\/04\/ACTUS-SITE-FLD-2026-04-27T113058.884-1-300x158.png 300w, https:\/\/www.fld-lille.fr\/wp-content\/uploads\/2026\/04\/ACTUS-SITE-FLD-2026-04-27T113058.884-1-1024x541.png 1024w, https:\/\/www.fld-lille.fr\/wp-content\/uploads\/2026\/04\/ACTUS-SITE-FLD-2026-04-27T113058.884-1-768x406.png 768w, https:\/\/www.fld-lille.fr\/wp-content\/uploads\/2026\/04\/ACTUS-SITE-FLD-2026-04-27T113058.884-1.png 1172w\" sizes=\"auto, (max-width: 367px) 100vw, 367px\" \/><\/a><\/p>\n<h5><span style=\"color: #ff0000;\"><strong>Experiences<\/strong><\/span><\/h5>\n<p>The accounts of the students who also took part in this experience last year illustrate the impact of this event:<\/p>\n<p>For <strong>Elo\u00efse C.<\/strong>, this assignment was \u201c<em>immensely valuable, both personally and professionally<\/em>\u201d.<\/p>\n<p><strong>Lucy M.<\/strong>, for her part, highlights the coherence of the project: <em>\u201cFrom writing the report to the conference and then the internship, every step made sense. It allowed me to throw myself fully into a cause that is close to my heart.<\/em>\u201d<\/p>\n<p>Finally, <strong>Lallie<\/strong> speaks of a deeply moving experience: \u201c<em>Working alongside asylum seekers and the ELIL teams was a life-changing experience that I will never forget.<\/em>\u201d<\/p>\n<p>Through this <strong>Legal Clinic<\/strong>, the<strong> Faculty of Law of the Universit\u00e9 Catholique de Lille<\/strong> reaffirms its commitment to offering educational experiences that go beyond the traditional academic framework. Applied research, international engagement and practical involvement: this programme enables students to develop strong legal skills whilst giving meaning to their studies. It is a great illustration of our faculty\u2019s international outlook and commitment.<\/p>\n<p><span style=\"color: #ff0000;\"><strong>Special thanks to organisers and speakers for this excellent programme: <span style=\"color: #000000;\">Dr. Silvia BARTOLINI <\/span><\/strong><span style=\"color: #000000;\">&#8211; Associate Professor in EU law, Co-director LLB Programme EU and International Law Studies (Licence de Droit Europ\u00e9en bilingue) FLD\/C3RD, <strong>Pr. Revekka-Emmanouela PAPADOPOULOU<\/strong> &#8211; Professor of EU Law, National and Kapodistrian University of Athens, <strong>Sian DONKERS<\/strong> &#8211; PhD candidate in EU Asylum law, Scuola Superiore di Sant\u2019Anna, <strong>Sarah DURELLE-MARC<\/strong> &#8211; Dean of the FLD, <strong>Phil WORTHINGTON<\/strong>\u00a0&#8211; Managing Director, European Lawyers in Lesvos (ELIL), <strong>Eleonora CELORIA <\/strong>&#8211; Lawyer, Post-doc Universita Studi di Torino, <strong>Anik\u00f3 BAKONYI<\/strong> &#8211; Director, Refugee Programme, Hungarian Helsinki Committee Budapest, <strong>Chrysoula ARCHONTAKI<\/strong> and <strong>Christina VOULIMENEA<\/strong> &#8211; European Lawyers in Lesvos (ELIL), <strong>Anastasios BRAKATSOULAS<\/strong>\u00a0&#8211; Researcher and Teaching Assistant, National and Kapodistrian University of Athens, <strong>Ketevan KHUTSISHVILI<\/strong>\u00a0&#8211; Professor in International Law, Director, International Criminal Law Centre, Tbilisi State University, <strong>Metaxia KOUSKOUNA<\/strong> &#8211; Professor in EU law, National and Kapodistrian Univeristy of Athens, <strong>Ioanna THEODOROPOULOU<\/strong> &#8211; Legal Advisor EUAA-MoMA, <strong>Agostina PIRRELLO<\/strong>\u00a0&#8211; PhD Candidate in EU Asylum Law, Utrecht University, et <strong>Ioannis PANOUSSIS<\/strong>\u00a0&#8211; Professor in International Law FLD.<\/span><\/span><\/p>\n<p><span style=\"color: #ff0000;\"><strong>Congratulations to our students:<\/strong><\/span> <strong>Leonider OPANDE<\/strong>, <strong>Megi TYMI,<\/strong><strong> Louise COUPEZ<\/strong>, <strong>L\u00e9onore DUBOST <\/strong>and <strong>M\u00e9lanie MOREL!<\/strong><\/p>\n","protected":false},"excerpt":{"rendered":"<p>On 23 and 24 April 2026, several students from the Master\u2019s 2 programme in Human Rights, Security and Development of the Faculty of Law of the Universit\u00e9 Catholique de Lille took part in an international conference organised at the National and Kapodistrian University of Athens, in partnership with the C3RD and the European Lawyers in [&hellip;]<\/p>\n","protected":false},"author":41,"featured_media":36304,"comment_status":"closed","ping_status":"open","sticky":false,"template":"","format":"standard","meta":{"_acf_changed":false,"footnotes":""},"categories":[722],"tags":[],"class_list":["post-36293","post","type-post","status-publish","format-standard","has-post-thumbnail","hentry","category-international-en"],"acf":[],"yoast_head":"<!-- This site is optimized with the Yoast SEO plugin v27.4 - https:\/\/yoast.com\/product\/yoast-seo-wordpress\/ -->\n<title>Our students in international immersion in Athens - Facult\u00e9 de droit<\/title>\n<meta name=\"description\" content=\"Students from the Master in Human Rights, Security and Development took part in an international conference organised at the National and Kapodistrian University of Athens.\" \/>\n<meta name=\"robots\" content=\"index, follow, max-snippet:-1, max-image-preview:large, max-video-preview:-1\" \/>\n<link rel=\"canonical\" href=\"https:\/\/www.fld-lille.fr\/en\/our-students-in-international-immersion-in-athens\/\" \/>\n<meta property=\"og:locale\" content=\"en_US\" \/>\n<meta property=\"og:type\" content=\"article\" \/>\n<meta property=\"og:title\" content=\"Our students in international immersion in Athens - Facult\u00e9 de droit\" \/>\n<meta property=\"og:description\" content=\"Students from the Master in Human Rights, Security and Development took part in an international conference organised at the National and Kapodistrian University of Athens.\" \/>\n<meta property=\"og:url\" content=\"https:\/\/www.fld-lille.fr\/en\/our-students-in-international-immersion-in-athens\/\" \/>\n<meta property=\"og:site_name\" content=\"Facult\u00e9 de droit\" \/>\n<meta property=\"article:publisher\" content=\"https:\/\/www.facebook.com\/FLDLilleParis\/\" \/>\n<meta property=\"article:published_time\" content=\"2026-04-27T10:06:34+00:00\" \/>\n<meta property=\"article:modified_time\" content=\"2026-04-27T11:59:13+00:00\" \/>\n<meta property=\"og:image\" content=\"https:\/\/www.fld-lille.fr\/wp-content\/uploads\/2026\/04\/ACTUS-SITE-FLD-2026-04-27T112354.614.png\" \/>\n\t<meta property=\"og:image:width\" content=\"1172\" \/>\n\t<meta property=\"og:image:height\" content=\"619\" \/>\n\t<meta property=\"og:image:type\" content=\"image\/png\" \/>\n<meta name=\"author\" content=\"Marion Berger\" \/>\n<meta name=\"twitter:card\" content=\"summary_large_image\" \/>\n<meta name=\"twitter:label1\" content=\"Written by\" \/>\n\t<meta name=\"twitter:data1\" content=\"Marion Berger\" \/>\n\t<meta name=\"twitter:label2\" content=\"Est. reading time\" \/>\n\t<meta name=\"twitter:data2\" content=\"6 minutes\" \/>\n<script type=\"application\/ld+json\" class=\"yoast-schema-graph\">{\"@context\":\"https:\\\/\\\/schema.org\",\"@graph\":[{\"@type\":\"Article\",\"@id\":\"https:\\\/\\\/www.fld-lille.fr\\\/en\\\/our-students-in-international-immersion-in-athens\\\/#article\",\"isPartOf\":{\"@id\":\"https:\\\/\\\/www.fld-lille.fr\\\/en\\\/our-students-in-international-immersion-in-athens\\\/\"},\"author\":{\"name\":\"Marion Berger\",\"@id\":\"https:\\\/\\\/www.fld-lille.fr\\\/#\\\/schema\\\/person\\\/9b0e7d1ad46caa9440cbb557ca1c7e44\"},\"headline\":\"Our students in international immersion in Athens\",\"datePublished\":\"2026-04-27T10:06:34+00:00\",\"dateModified\":\"2026-04-27T11:59:13+00:00\",\"mainEntityOfPage\":{\"@id\":\"https:\\\/\\\/www.fld-lille.fr\\\/en\\\/our-students-in-international-immersion-in-athens\\\/\"},\"wordCount\":887,\"image\":{\"@id\":\"https:\\\/\\\/www.fld-lille.fr\\\/en\\\/our-students-in-international-immersion-in-athens\\\/#primaryimage\"},\"thumbnailUrl\":\"https:\\\/\\\/www.fld-lille.fr\\\/wp-content\\\/uploads\\\/2026\\\/04\\\/ACTUS-SITE-FLD-2026-04-27T112354.614.png\",\"articleSection\":[\"International\"],\"inLanguage\":\"en-US\"},{\"@type\":\"WebPage\",\"@id\":\"https:\\\/\\\/www.fld-lille.fr\\\/en\\\/our-students-in-international-immersion-in-athens\\\/\",\"url\":\"https:\\\/\\\/www.fld-lille.fr\\\/en\\\/our-students-in-international-immersion-in-athens\\\/\",\"name\":\"Our students in international immersion in Athens - Facult\u00e9 de droit\",\"isPartOf\":{\"@id\":\"https:\\\/\\\/www.fld-lille.fr\\\/#website\"},\"primaryImageOfPage\":{\"@id\":\"https:\\\/\\\/www.fld-lille.fr\\\/en\\\/our-students-in-international-immersion-in-athens\\\/#primaryimage\"},\"image\":{\"@id\":\"https:\\\/\\\/www.fld-lille.fr\\\/en\\\/our-students-in-international-immersion-in-athens\\\/#primaryimage\"},\"thumbnailUrl\":\"https:\\\/\\\/www.fld-lille.fr\\\/wp-content\\\/uploads\\\/2026\\\/04\\\/ACTUS-SITE-FLD-2026-04-27T112354.614.png\",\"datePublished\":\"2026-04-27T10:06:34+00:00\",\"dateModified\":\"2026-04-27T11:59:13+00:00\",\"author\":{\"@id\":\"https:\\\/\\\/www.fld-lille.fr\\\/#\\\/schema\\\/person\\\/9b0e7d1ad46caa9440cbb557ca1c7e44\"},\"description\":\"Students from the Master in Human Rights, Security and Development took part in an international conference organised at the National and Kapodistrian University of Athens.\",\"breadcrumb\":{\"@id\":\"https:\\\/\\\/www.fld-lille.fr\\\/en\\\/our-students-in-international-immersion-in-athens\\\/#breadcrumb\"},\"inLanguage\":\"en-US\",\"potentialAction\":[{\"@type\":\"ReadAction\",\"target\":[\"https:\\\/\\\/www.fld-lille.fr\\\/en\\\/our-students-in-international-immersion-in-athens\\\/\"]}]},{\"@type\":\"ImageObject\",\"inLanguage\":\"en-US\",\"@id\":\"https:\\\/\\\/www.fld-lille.fr\\\/en\\\/our-students-in-international-immersion-in-athens\\\/#primaryimage\",\"url\":\"https:\\\/\\\/www.fld-lille.fr\\\/wp-content\\\/uploads\\\/2026\\\/04\\\/ACTUS-SITE-FLD-2026-04-27T112354.614.png\",\"contentUrl\":\"https:\\\/\\\/www.fld-lille.fr\\\/wp-content\\\/uploads\\\/2026\\\/04\\\/ACTUS-SITE-FLD-2026-04-27T112354.614.png\",\"width\":1172,\"height\":619},{\"@type\":\"BreadcrumbList\",\"@id\":\"https:\\\/\\\/www.fld-lille.fr\\\/en\\\/our-students-in-international-immersion-in-athens\\\/#breadcrumb\",\"itemListElement\":[{\"@type\":\"ListItem\",\"position\":1,\"name\":\"Accueil\",\"item\":\"https:\\\/\\\/www.fld-lille.fr\\\/en\\\/\"},{\"@type\":\"ListItem\",\"position\":2,\"name\":\"Our students in international immersion in Athens\"}]},{\"@type\":\"WebSite\",\"@id\":\"https:\\\/\\\/www.fld-lille.fr\\\/#website\",\"url\":\"https:\\\/\\\/www.fld-lille.fr\\\/\",\"name\":\"Facult\u00e9 de droit\",\"description\":\"Les facult\u00e9s de l&#039;Universit\u00e9 Catholique de Lille\",\"potentialAction\":[{\"@type\":\"SearchAction\",\"target\":{\"@type\":\"EntryPoint\",\"urlTemplate\":\"https:\\\/\\\/www.fld-lille.fr\\\/?s={search_term_string}\"},\"query-input\":{\"@type\":\"PropertyValueSpecification\",\"valueRequired\":true,\"valueName\":\"search_term_string\"}}],\"inLanguage\":\"en-US\"},{\"@type\":\"Person\",\"@id\":\"https:\\\/\\\/www.fld-lille.fr\\\/#\\\/schema\\\/person\\\/9b0e7d1ad46caa9440cbb557ca1c7e44\",\"name\":\"Marion Berger\",\"url\":\"https:\\\/\\\/www.fld-lille.fr\\\/en\\\/author\\\/mberger\\\/\"}]}<\/script>\n<!-- \/ Yoast SEO plugin. -->","yoast_head_json":{"title":"Our students in international immersion in Athens - Facult\u00e9 de droit","description":"Students from the Master in Human Rights, Security and Development took part in an international conference organised at the National and Kapodistrian University of Athens.","robots":{"index":"index","follow":"follow","max-snippet":"max-snippet:-1","max-image-preview":"max-image-preview:large","max-video-preview":"max-video-preview:-1"},"canonical":"https:\/\/www.fld-lille.fr\/en\/our-students-in-international-immersion-in-athens\/","og_locale":"en_US","og_type":"article","og_title":"Our students in international immersion in Athens - Facult\u00e9 de droit","og_description":"Students from the Master in Human Rights, Security and Development took part in an international conference organised at the National and Kapodistrian University of Athens.","og_url":"https:\/\/www.fld-lille.fr\/en\/our-students-in-international-immersion-in-athens\/","og_site_name":"Facult\u00e9 de droit","article_publisher":"https:\/\/www.facebook.com\/FLDLilleParis\/","article_published_time":"2026-04-27T10:06:34+00:00","article_modified_time":"2026-04-27T11:59:13+00:00","og_image":[{"width":1172,"height":619,"url":"https:\/\/www.fld-lille.fr\/wp-content\/uploads\/2026\/04\/ACTUS-SITE-FLD-2026-04-27T112354.614.png","type":"image\/png"}],"author":"Marion Berger","twitter_card":"summary_large_image","twitter_misc":{"Written by":"Marion Berger","Est. reading time":"6 minutes"},"schema":{"@context":"https:\/\/schema.org","@graph":[{"@type":"Article","@id":"https:\/\/www.fld-lille.fr\/en\/our-students-in-international-immersion-in-athens\/#article","isPartOf":{"@id":"https:\/\/www.fld-lille.fr\/en\/our-students-in-international-immersion-in-athens\/"},"author":{"name":"Marion Berger","@id":"https:\/\/www.fld-lille.fr\/#\/schema\/person\/9b0e7d1ad46caa9440cbb557ca1c7e44"},"headline":"Our students in international immersion in Athens","datePublished":"2026-04-27T10:06:34+00:00","dateModified":"2026-04-27T11:59:13+00:00","mainEntityOfPage":{"@id":"https:\/\/www.fld-lille.fr\/en\/our-students-in-international-immersion-in-athens\/"},"wordCount":887,"image":{"@id":"https:\/\/www.fld-lille.fr\/en\/our-students-in-international-immersion-in-athens\/#primaryimage"},"thumbnailUrl":"https:\/\/www.fld-lille.fr\/wp-content\/uploads\/2026\/04\/ACTUS-SITE-FLD-2026-04-27T112354.614.png","articleSection":["International"],"inLanguage":"en-US"},{"@type":"WebPage","@id":"https:\/\/www.fld-lille.fr\/en\/our-students-in-international-immersion-in-athens\/","url":"https:\/\/www.fld-lille.fr\/en\/our-students-in-international-immersion-in-athens\/","name":"Our students in international immersion in Athens - Facult\u00e9 de droit","isPartOf":{"@id":"https:\/\/www.fld-lille.fr\/#website"},"primaryImageOfPage":{"@id":"https:\/\/www.fld-lille.fr\/en\/our-students-in-international-immersion-in-athens\/#primaryimage"},"image":{"@id":"https:\/\/www.fld-lille.fr\/en\/our-students-in-international-immersion-in-athens\/#primaryimage"},"thumbnailUrl":"https:\/\/www.fld-lille.fr\/wp-content\/uploads\/2026\/04\/ACTUS-SITE-FLD-2026-04-27T112354.614.png","datePublished":"2026-04-27T10:06:34+00:00","dateModified":"2026-04-27T11:59:13+00:00","author":{"@id":"https:\/\/www.fld-lille.fr\/#\/schema\/person\/9b0e7d1ad46caa9440cbb557ca1c7e44"},"description":"Students from the Master in Human Rights, Security and Development took part in an international conference organised at the National and Kapodistrian University of Athens.","breadcrumb":{"@id":"https:\/\/www.fld-lille.fr\/en\/our-students-in-international-immersion-in-athens\/#breadcrumb"},"inLanguage":"en-US","potentialAction":[{"@type":"ReadAction","target":["https:\/\/www.fld-lille.fr\/en\/our-students-in-international-immersion-in-athens\/"]}]},{"@type":"ImageObject","inLanguage":"en-US","@id":"https:\/\/www.fld-lille.fr\/en\/our-students-in-international-immersion-in-athens\/#primaryimage","url":"https:\/\/www.fld-lille.fr\/wp-content\/uploads\/2026\/04\/ACTUS-SITE-FLD-2026-04-27T112354.614.png","contentUrl":"https:\/\/www.fld-lille.fr\/wp-content\/uploads\/2026\/04\/ACTUS-SITE-FLD-2026-04-27T112354.614.png","width":1172,"height":619},{"@type":"BreadcrumbList","@id":"https:\/\/www.fld-lille.fr\/en\/our-students-in-international-immersion-in-athens\/#breadcrumb","itemListElement":[{"@type":"ListItem","position":1,"name":"Accueil","item":"https:\/\/www.fld-lille.fr\/en\/"},{"@type":"ListItem","position":2,"name":"Our students in international immersion in Athens"}]},{"@type":"WebSite","@id":"https:\/\/www.fld-lille.fr\/#website","url":"https:\/\/www.fld-lille.fr\/","name":"Facult\u00e9 de droit","description":"Les facult\u00e9s de l&#039;Universit\u00e9 Catholique de Lille","potentialAction":[{"@type":"SearchAction","target":{"@type":"EntryPoint","urlTemplate":"https:\/\/www.fld-lille.fr\/?s={search_term_string}"},"query-input":{"@type":"PropertyValueSpecification","valueRequired":true,"valueName":"search_term_string"}}],"inLanguage":"en-US"},{"@type":"Person","@id":"https:\/\/www.fld-lille.fr\/#\/schema\/person\/9b0e7d1ad46caa9440cbb557ca1c7e44","name":"Marion Berger","url":"https:\/\/www.fld-lille.fr\/en\/author\/mberger\/"}]}},"_links":{"self":[{"href":"https:\/\/www.fld-lille.fr\/en\/wp-json\/wp\/v2\/posts\/36293","targetHints":{"allow":["GET"]}}],"collection":[{"href":"https:\/\/www.fld-lille.fr\/en\/wp-json\/wp\/v2\/posts"}],"about":[{"href":"https:\/\/www.fld-lille.fr\/en\/wp-json\/wp\/v2\/types\/post"}],"author":[{"embeddable":true,"href":"https:\/\/www.fld-lille.fr\/en\/wp-json\/wp\/v2\/users\/41"}],"replies":[{"embeddable":true,"href":"https:\/\/www.fld-lille.fr\/en\/wp-json\/wp\/v2\/comments?post=36293"}],"version-history":[{"count":12,"href":"https:\/\/www.fld-lille.fr\/en\/wp-json\/wp\/v2\/posts\/36293\/revisions"}],"predecessor-version":[{"id":36348,"href":"https:\/\/www.fld-lille.fr\/en\/wp-json\/wp\/v2\/posts\/36293\/revisions\/36348"}],"wp:featuredmedia":[{"embeddable":true,"href":"https:\/\/www.fld-lille.fr\/en\/wp-json\/wp\/v2\/media\/36304"}],"wp:attachment":[{"href":"https:\/\/www.fld-lille.fr\/en\/wp-json\/wp\/v2\/media?parent=36293"}],"wp:term":[{"taxonomy":"category","embeddable":true,"href":"https:\/\/www.fld-lille.fr\/en\/wp-json\/wp\/v2\/categories?post=36293"},{"taxonomy":"post_tag","embeddable":true,"href":"https:\/\/www.fld-lille.fr\/en\/wp-json\/wp\/v2\/tags?post=36293"}],"curies":[{"name":"wp","href":"https:\/\/api.w.org\/{rel}","templated":true}]}}