{"id":35534,"date":"2026-03-18T16:57:47","date_gmt":"2026-03-18T15:57:47","guid":{"rendered":"https:\/\/www.fld-lille.fr\/?p=35534"},"modified":"2026-03-18T16:57:47","modified_gmt":"2026-03-18T15:57:47","slug":"congratulations-to-our-graduates","status":"publish","type":"post","link":"https:\/\/www.fld-lille.fr\/en\/congratulations-to-our-graduates\/","title":{"rendered":"Congratulations to our graduates from the Mireille Delmas-Marty cohort!"},"content":{"rendered":"<p>On Friday 13 March 2026, the Faculty of Law of the <strong>Universit\u00e9 Catholique de Lille<\/strong> celebrated the <strong>graduation ceremony of the 2024-2025 cohort from the Lille campus<\/strong> at the Nouveau Si\u00e8cle, attended by <strong>1,300 guests.<\/strong> This landmark event, organised with meticulous care, brought together families, teachers and administrative staff to honour the achievements of our <strong>Master\u2019s students<\/strong>.<\/p>\n<h4><span style=\"color: #ff0000;\"><strong>A formal and moving occasion<\/strong><\/span><\/h4>\n<p>This year, the graduating class was named after <strong>Mireille Delmas-Marty<\/strong>, a French jurist and academic, Professor at the Coll\u00e8ge de France and member of the Acad\u00e9mie des sciences morales et politiques, who has inspired this new generation of law professionals.<\/p>\n<p><strong>Mr. Patrick Scauflaire, President-Rector of the Universit\u00e9 Catholique de Lille<\/strong>, and <strong>Sarah Durelle-Marc, Dean of the Faculty of Law<\/strong>, opened the ceremony with speeches. Both highlighted the importance of commitment and ethics in the legal professions, echoing the values embodied by our university.<\/p>\n<h4><span style=\"color: #ff0000;\"><strong>A recognition for our students<\/strong><\/span><\/h4>\n<p>To the applause of their families and friends, <strong>564 graduates<\/strong> took to the stage. This symbolic moment was marked by a <strong>special tribute to the valedictorians<\/strong>, recognised for their academic excellence.<\/p>\n<p>The Heads of <strong>Lille\u2019s 17 master\u2019s programmes<\/strong>, moved to see their students reach this milestone after five years, shared this unique moment with them. The entire team of the Faculty of Law was delighted to witness the culmination of these young lawyers\u2019 journeys as they now enter the professional world.<\/p>\n<p>The ceremony concluded with the traditional throwing of the graduation caps, a moment of joy immortalised in many photos and videos.<\/p>\n<p>A reception then gave families, graduates and faculty members the opportunity to meet, continue their conversations, share memories and celebrate this achievement together.<\/p>\n<p><strong>We would like to congratulate once again the entire Mireille Delmas-Marty cohort and wish them every success in their future projects.<\/strong><\/p>\n","protected":false},"excerpt":{"rendered":"<p>On Friday 13 March 2026, the Faculty of Law of the Universit\u00e9 Catholique de Lille celebrated the graduation ceremony of the 2024-2025 cohort from the Lille campus at the Nouveau Si\u00e8cle, attended by 1,300 guests. This landmark event, organised with meticulous care, brought together families, teachers and administrative staff to honour the achievements of our [&hellip;]<\/p>\n","protected":false},"author":41,"featured_media":35511,"comment_status":"closed","ping_status":"open","sticky":false,"template":"","format":"standard","meta":{"_acf_changed":false,"footnotes":""},"categories":[719],"tags":[],"class_list":["post-35534","post","type-post","status-publish","format-standard","has-post-thumbnail","hentry","category-lille-en"],"acf":[],"yoast_head":"<!-- This site is optimized with the Yoast SEO plugin v27.4 - https:\/\/yoast.com\/product\/yoast-seo-wordpress\/ -->\n<title>Congratulations to our graduates from the Mireille Delmas-Marty cohort! - Facult\u00e9 de droit<\/title>\n<meta name=\"description\" content=\"On Friday 13 March 2026, the Faculty of Law of the Universit\u00e9 Catholique de Lille celebrated the graduation ceremony of the 2024-2025 cohort from the Lille campus at the Nouveau Si\u00e8cle, attended by 1,300 guests.\" \/>\n<meta name=\"robots\" content=\"index, follow, max-snippet:-1, max-image-preview:large, max-video-preview:-1\" \/>\n<link rel=\"canonical\" href=\"https:\/\/www.fld-lille.fr\/en\/congratulations-to-our-graduates\/\" \/>\n<meta property=\"og:locale\" content=\"en_US\" \/>\n<meta property=\"og:type\" content=\"article\" \/>\n<meta property=\"og:title\" content=\"Congratulations to our graduates from the Mireille Delmas-Marty cohort! - Facult\u00e9 de droit\" \/>\n<meta property=\"og:description\" content=\"On Friday 13 March 2026, the Faculty of Law of the Universit\u00e9 Catholique de Lille celebrated the graduation ceremony of the 2024-2025 cohort from the Lille campus at the Nouveau Si\u00e8cle, attended by 1,300 guests.\" \/>\n<meta property=\"og:url\" content=\"https:\/\/www.fld-lille.fr\/en\/congratulations-to-our-graduates\/\" \/>\n<meta property=\"og:site_name\" content=\"Facult\u00e9 de droit\" \/>\n<meta property=\"article:publisher\" content=\"https:\/\/www.facebook.com\/FLDLilleParis\/\" \/>\n<meta property=\"article:published_time\" content=\"2026-03-18T15:57:47+00:00\" \/>\n<meta property=\"og:image\" content=\"https:\/\/www.fld-lille.fr\/wp-content\/uploads\/2026\/03\/ACTUS-SITE-FLD-2026-03-16T100206.091.png\" \/>\n\t<meta property=\"og:image:width\" content=\"1172\" \/>\n\t<meta property=\"og:image:height\" content=\"619\" \/>\n\t<meta property=\"og:image:type\" content=\"image\/png\" \/>\n<meta name=\"author\" content=\"Marion Berger\" \/>\n<meta name=\"twitter:card\" content=\"summary_large_image\" \/>\n<meta name=\"twitter:label1\" content=\"Written by\" \/>\n\t<meta name=\"twitter:data1\" content=\"Marion Berger\" \/>\n\t<meta name=\"twitter:label2\" content=\"Est. reading time\" \/>\n\t<meta name=\"twitter:data2\" content=\"2 minutes\" \/>\n<script type=\"application\/ld+json\" class=\"yoast-schema-graph\">{\"@context\":\"https:\\\/\\\/schema.org\",\"@graph\":[{\"@type\":\"Article\",\"@id\":\"https:\\\/\\\/www.fld-lille.fr\\\/en\\\/congratulations-to-our-graduates\\\/#article\",\"isPartOf\":{\"@id\":\"https:\\\/\\\/www.fld-lille.fr\\\/en\\\/congratulations-to-our-graduates\\\/\"},\"author\":{\"name\":\"Marion Berger\",\"@id\":\"https:\\\/\\\/www.fld-lille.fr\\\/#\\\/schema\\\/person\\\/9b0e7d1ad46caa9440cbb557ca1c7e44\"},\"headline\":\"Congratulations to our graduates from the Mireille Delmas-Marty cohort!\",\"datePublished\":\"2026-03-18T15:57:47+00:00\",\"mainEntityOfPage\":{\"@id\":\"https:\\\/\\\/www.fld-lille.fr\\\/en\\\/congratulations-to-our-graduates\\\/\"},\"wordCount\":306,\"image\":{\"@id\":\"https:\\\/\\\/www.fld-lille.fr\\\/en\\\/congratulations-to-our-graduates\\\/#primaryimage\"},\"thumbnailUrl\":\"https:\\\/\\\/www.fld-lille.fr\\\/wp-content\\\/uploads\\\/2026\\\/03\\\/ACTUS-SITE-FLD-2026-03-16T100206.091.png\",\"articleSection\":[\"Lille\"],\"inLanguage\":\"en-US\"},{\"@type\":\"WebPage\",\"@id\":\"https:\\\/\\\/www.fld-lille.fr\\\/en\\\/congratulations-to-our-graduates\\\/\",\"url\":\"https:\\\/\\\/www.fld-lille.fr\\\/en\\\/congratulations-to-our-graduates\\\/\",\"name\":\"Congratulations to our graduates from the Mireille Delmas-Marty cohort! - Facult\u00e9 de droit\",\"isPartOf\":{\"@id\":\"https:\\\/\\\/www.fld-lille.fr\\\/#website\"},\"primaryImageOfPage\":{\"@id\":\"https:\\\/\\\/www.fld-lille.fr\\\/en\\\/congratulations-to-our-graduates\\\/#primaryimage\"},\"image\":{\"@id\":\"https:\\\/\\\/www.fld-lille.fr\\\/en\\\/congratulations-to-our-graduates\\\/#primaryimage\"},\"thumbnailUrl\":\"https:\\\/\\\/www.fld-lille.fr\\\/wp-content\\\/uploads\\\/2026\\\/03\\\/ACTUS-SITE-FLD-2026-03-16T100206.091.png\",\"datePublished\":\"2026-03-18T15:57:47+00:00\",\"author\":{\"@id\":\"https:\\\/\\\/www.fld-lille.fr\\\/#\\\/schema\\\/person\\\/9b0e7d1ad46caa9440cbb557ca1c7e44\"},\"description\":\"On Friday 13 March 2026, the Faculty of Law of the Universit\u00e9 Catholique de Lille celebrated the graduation ceremony of the 2024-2025 cohort from the Lille campus at the Nouveau Si\u00e8cle, attended by 1,300 guests.\",\"breadcrumb\":{\"@id\":\"https:\\\/\\\/www.fld-lille.fr\\\/en\\\/congratulations-to-our-graduates\\\/#breadcrumb\"},\"inLanguage\":\"en-US\",\"potentialAction\":[{\"@type\":\"ReadAction\",\"target\":[\"https:\\\/\\\/www.fld-lille.fr\\\/en\\\/congratulations-to-our-graduates\\\/\"]}]},{\"@type\":\"ImageObject\",\"inLanguage\":\"en-US\",\"@id\":\"https:\\\/\\\/www.fld-lille.fr\\\/en\\\/congratulations-to-our-graduates\\\/#primaryimage\",\"url\":\"https:\\\/\\\/www.fld-lille.fr\\\/wp-content\\\/uploads\\\/2026\\\/03\\\/ACTUS-SITE-FLD-2026-03-16T100206.091.png\",\"contentUrl\":\"https:\\\/\\\/www.fld-lille.fr\\\/wp-content\\\/uploads\\\/2026\\\/03\\\/ACTUS-SITE-FLD-2026-03-16T100206.091.png\",\"width\":1172,\"height\":619},{\"@type\":\"BreadcrumbList\",\"@id\":\"https:\\\/\\\/www.fld-lille.fr\\\/en\\\/congratulations-to-our-graduates\\\/#breadcrumb\",\"itemListElement\":[{\"@type\":\"ListItem\",\"position\":1,\"name\":\"Accueil\",\"item\":\"https:\\\/\\\/www.fld-lille.fr\\\/en\\\/\"},{\"@type\":\"ListItem\",\"position\":2,\"name\":\"Congratulations to our graduates from the Mireille Delmas-Marty cohort!\"}]},{\"@type\":\"WebSite\",\"@id\":\"https:\\\/\\\/www.fld-lille.fr\\\/#website\",\"url\":\"https:\\\/\\\/www.fld-lille.fr\\\/\",\"name\":\"Facult\u00e9 de droit\",\"description\":\"Les facult\u00e9s de l&#039;Universit\u00e9 Catholique de Lille\",\"potentialAction\":[{\"@type\":\"SearchAction\",\"target\":{\"@type\":\"EntryPoint\",\"urlTemplate\":\"https:\\\/\\\/www.fld-lille.fr\\\/?s={search_term_string}\"},\"query-input\":{\"@type\":\"PropertyValueSpecification\",\"valueRequired\":true,\"valueName\":\"search_term_string\"}}],\"inLanguage\":\"en-US\"},{\"@type\":\"Person\",\"@id\":\"https:\\\/\\\/www.fld-lille.fr\\\/#\\\/schema\\\/person\\\/9b0e7d1ad46caa9440cbb557ca1c7e44\",\"name\":\"Marion Berger\",\"url\":\"https:\\\/\\\/www.fld-lille.fr\\\/en\\\/author\\\/mberger\\\/\"}]}<\/script>\n<!-- \/ Yoast SEO plugin. -->","yoast_head_json":{"title":"Congratulations to our graduates from the Mireille Delmas-Marty cohort! - Facult\u00e9 de droit","description":"On Friday 13 March 2026, the Faculty of Law of the Universit\u00e9 Catholique de Lille celebrated the graduation ceremony of the 2024-2025 cohort from the Lille campus at the Nouveau Si\u00e8cle, attended by 1,300 guests.","robots":{"index":"index","follow":"follow","max-snippet":"max-snippet:-1","max-image-preview":"max-image-preview:large","max-video-preview":"max-video-preview:-1"},"canonical":"https:\/\/www.fld-lille.fr\/en\/congratulations-to-our-graduates\/","og_locale":"en_US","og_type":"article","og_title":"Congratulations to our graduates from the Mireille Delmas-Marty cohort! - Facult\u00e9 de droit","og_description":"On Friday 13 March 2026, the Faculty of Law of the Universit\u00e9 Catholique de Lille celebrated the graduation ceremony of the 2024-2025 cohort from the Lille campus at the Nouveau Si\u00e8cle, attended by 1,300 guests.","og_url":"https:\/\/www.fld-lille.fr\/en\/congratulations-to-our-graduates\/","og_site_name":"Facult\u00e9 de droit","article_publisher":"https:\/\/www.facebook.com\/FLDLilleParis\/","article_published_time":"2026-03-18T15:57:47+00:00","og_image":[{"width":1172,"height":619,"url":"https:\/\/www.fld-lille.fr\/wp-content\/uploads\/2026\/03\/ACTUS-SITE-FLD-2026-03-16T100206.091.png","type":"image\/png"}],"author":"Marion Berger","twitter_card":"summary_large_image","twitter_misc":{"Written by":"Marion Berger","Est. reading time":"2 minutes"},"schema":{"@context":"https:\/\/schema.org","@graph":[{"@type":"Article","@id":"https:\/\/www.fld-lille.fr\/en\/congratulations-to-our-graduates\/#article","isPartOf":{"@id":"https:\/\/www.fld-lille.fr\/en\/congratulations-to-our-graduates\/"},"author":{"name":"Marion Berger","@id":"https:\/\/www.fld-lille.fr\/#\/schema\/person\/9b0e7d1ad46caa9440cbb557ca1c7e44"},"headline":"Congratulations to our graduates from the Mireille Delmas-Marty cohort!","datePublished":"2026-03-18T15:57:47+00:00","mainEntityOfPage":{"@id":"https:\/\/www.fld-lille.fr\/en\/congratulations-to-our-graduates\/"},"wordCount":306,"image":{"@id":"https:\/\/www.fld-lille.fr\/en\/congratulations-to-our-graduates\/#primaryimage"},"thumbnailUrl":"https:\/\/www.fld-lille.fr\/wp-content\/uploads\/2026\/03\/ACTUS-SITE-FLD-2026-03-16T100206.091.png","articleSection":["Lille"],"inLanguage":"en-US"},{"@type":"WebPage","@id":"https:\/\/www.fld-lille.fr\/en\/congratulations-to-our-graduates\/","url":"https:\/\/www.fld-lille.fr\/en\/congratulations-to-our-graduates\/","name":"Congratulations to our graduates from the Mireille Delmas-Marty cohort! - Facult\u00e9 de droit","isPartOf":{"@id":"https:\/\/www.fld-lille.fr\/#website"},"primaryImageOfPage":{"@id":"https:\/\/www.fld-lille.fr\/en\/congratulations-to-our-graduates\/#primaryimage"},"image":{"@id":"https:\/\/www.fld-lille.fr\/en\/congratulations-to-our-graduates\/#primaryimage"},"thumbnailUrl":"https:\/\/www.fld-lille.fr\/wp-content\/uploads\/2026\/03\/ACTUS-SITE-FLD-2026-03-16T100206.091.png","datePublished":"2026-03-18T15:57:47+00:00","author":{"@id":"https:\/\/www.fld-lille.fr\/#\/schema\/person\/9b0e7d1ad46caa9440cbb557ca1c7e44"},"description":"On Friday 13 March 2026, the Faculty of Law of the Universit\u00e9 Catholique de Lille celebrated the graduation ceremony of the 2024-2025 cohort from the Lille campus at the Nouveau Si\u00e8cle, attended by 1,300 guests.","breadcrumb":{"@id":"https:\/\/www.fld-lille.fr\/en\/congratulations-to-our-graduates\/#breadcrumb"},"inLanguage":"en-US","potentialAction":[{"@type":"ReadAction","target":["https:\/\/www.fld-lille.fr\/en\/congratulations-to-our-graduates\/"]}]},{"@type":"ImageObject","inLanguage":"en-US","@id":"https:\/\/www.fld-lille.fr\/en\/congratulations-to-our-graduates\/#primaryimage","url":"https:\/\/www.fld-lille.fr\/wp-content\/uploads\/2026\/03\/ACTUS-SITE-FLD-2026-03-16T100206.091.png","contentUrl":"https:\/\/www.fld-lille.fr\/wp-content\/uploads\/2026\/03\/ACTUS-SITE-FLD-2026-03-16T100206.091.png","width":1172,"height":619},{"@type":"BreadcrumbList","@id":"https:\/\/www.fld-lille.fr\/en\/congratulations-to-our-graduates\/#breadcrumb","itemListElement":[{"@type":"ListItem","position":1,"name":"Accueil","item":"https:\/\/www.fld-lille.fr\/en\/"},{"@type":"ListItem","position":2,"name":"Congratulations to our graduates from the Mireille Delmas-Marty cohort!"}]},{"@type":"WebSite","@id":"https:\/\/www.fld-lille.fr\/#website","url":"https:\/\/www.fld-lille.fr\/","name":"Facult\u00e9 de droit","description":"Les facult\u00e9s de l&#039;Universit\u00e9 Catholique de Lille","potentialAction":[{"@type":"SearchAction","target":{"@type":"EntryPoint","urlTemplate":"https:\/\/www.fld-lille.fr\/?s={search_term_string}"},"query-input":{"@type":"PropertyValueSpecification","valueRequired":true,"valueName":"search_term_string"}}],"inLanguage":"en-US"},{"@type":"Person","@id":"https:\/\/www.fld-lille.fr\/#\/schema\/person\/9b0e7d1ad46caa9440cbb557ca1c7e44","name":"Marion Berger","url":"https:\/\/www.fld-lille.fr\/en\/author\/mberger\/"}]}},"_links":{"self":[{"href":"https:\/\/www.fld-lille.fr\/en\/wp-json\/wp\/v2\/posts\/35534","targetHints":{"allow":["GET"]}}],"collection":[{"href":"https:\/\/www.fld-lille.fr\/en\/wp-json\/wp\/v2\/posts"}],"about":[{"href":"https:\/\/www.fld-lille.fr\/en\/wp-json\/wp\/v2\/types\/post"}],"author":[{"embeddable":true,"href":"https:\/\/www.fld-lille.fr\/en\/wp-json\/wp\/v2\/users\/41"}],"replies":[{"embeddable":true,"href":"https:\/\/www.fld-lille.fr\/en\/wp-json\/wp\/v2\/comments?post=35534"}],"version-history":[{"count":2,"href":"https:\/\/www.fld-lille.fr\/en\/wp-json\/wp\/v2\/posts\/35534\/revisions"}],"predecessor-version":[{"id":35536,"href":"https:\/\/www.fld-lille.fr\/en\/wp-json\/wp\/v2\/posts\/35534\/revisions\/35536"}],"wp:featuredmedia":[{"embeddable":true,"href":"https:\/\/www.fld-lille.fr\/en\/wp-json\/wp\/v2\/media\/35511"}],"wp:attachment":[{"href":"https:\/\/www.fld-lille.fr\/en\/wp-json\/wp\/v2\/media?parent=35534"}],"wp:term":[{"taxonomy":"category","embeddable":true,"href":"https:\/\/www.fld-lille.fr\/en\/wp-json\/wp\/v2\/categories?post=35534"},{"taxonomy":"post_tag","embeddable":true,"href":"https:\/\/www.fld-lille.fr\/en\/wp-json\/wp\/v2\/tags?post=35534"}],"curies":[{"name":"wp","href":"https:\/\/api.w.org\/{rel}","templated":true}]}}