{"id":34873,"date":"2026-02-13T09:54:15","date_gmt":"2026-02-13T08:54:15","guid":{"rendered":"https:\/\/www.fld-lille.fr\/?p=34873"},"modified":"2026-02-13T15:21:26","modified_gmt":"2026-02-13T14:21:26","slug":"the-fld-hosted-the-regional-final-of-the-european-law-moot-court","status":"publish","type":"post","link":"https:\/\/www.fld-lille.fr\/en\/the-fld-hosted-the-regional-final-of-the-european-law-moot-court\/","title":{"rendered":"The FLD hosted the regional final of the European Law Moot Court"},"content":{"rendered":"<p>From 5 to 7 February 2026, the Faculty of Law of the Universit\u00e9 Catholique de Lille hosted one of the regional finals of the prestigious <a href=\"https:\/\/europeanlawmootcourt.eu\/\" target=\"_blank\" rel=\"noopener\"><strong>European Law Moot Court (ELMC)<\/strong><\/a>, an international moot court competition dedicated to European Union law. Following a first edition organised in 2023, the Faculty of Law once again brought together students, academics and legal professionals for this leading academic competition.<\/p>\n<p style=\"text-align: center;\"><a href=\"https:\/\/www.fld-lille.fr\/wp-content\/uploads\/2026\/02\/elmc-2-2.jpg\"><img loading=\"lazy\" decoding=\"async\" class=\"alignnone wp-image-34876\" src=\"https:\/\/www.fld-lille.fr\/wp-content\/uploads\/2026\/02\/elmc-2-2-225x300.jpg\" alt=\"\" width=\"232\" height=\"309\" srcset=\"https:\/\/www.fld-lille.fr\/wp-content\/uploads\/2026\/02\/elmc-2-2-225x300.jpg 225w, https:\/\/www.fld-lille.fr\/wp-content\/uploads\/2026\/02\/elmc-2-2-768x1024.jpg 768w, https:\/\/www.fld-lille.fr\/wp-content\/uploads\/2026\/02\/elmc-2-2-1152x1536.jpg 1152w, https:\/\/www.fld-lille.fr\/wp-content\/uploads\/2026\/02\/elmc-2-2.jpg 1200w\" sizes=\"auto, (max-width: 232px) 100vw, 232px\" \/><\/a><\/p>\n<p>Twelve universities gathered in Lille for this stage of the competition, which combines a written phase (the drafting of a legal brief based on a fictional case) with oral pleadings before a panel of expert judges. The students demonstrated an outstanding level of preparation, strong expertise in European law and excellent oral argumentation skills.<\/p>\n<p>The rounds took place at the Faculty of Law, while the regional final was held at the Palais Rameau. The event was opened by <strong>Guillaume Afonso<\/strong>, Sous-Pr\u00e9fet of the Hauts-de-France region, and <strong>Sarah Durelle-Marc<\/strong>, Dean of the Faculty of Law. The gala evening was organised at the Lille Chamber of Commerce and Industry.<\/p>\n<p style=\"text-align: center;\"><a href=\"https:\/\/www.fld-lille.fr\/wp-content\/uploads\/2026\/02\/20260207_230936-1-scaled.jpg\"><img loading=\"lazy\" decoding=\"async\" class=\"alignnone wp-image-34878\" src=\"https:\/\/www.fld-lille.fr\/wp-content\/uploads\/2026\/02\/20260207_230936-1-300x225.jpg\" alt=\"\" width=\"391\" height=\"293\" srcset=\"https:\/\/www.fld-lille.fr\/wp-content\/uploads\/2026\/02\/20260207_230936-1-300x225.jpg 300w, https:\/\/www.fld-lille.fr\/wp-content\/uploads\/2026\/02\/20260207_230936-1-1024x768.jpg 1024w, https:\/\/www.fld-lille.fr\/wp-content\/uploads\/2026\/02\/20260207_230936-1-768x576.jpg 768w, https:\/\/www.fld-lille.fr\/wp-content\/uploads\/2026\/02\/20260207_230936-1-1536x1152.jpg 1536w, https:\/\/www.fld-lille.fr\/wp-content\/uploads\/2026\/02\/20260207_230936-1-2048x1536.jpg 2048w\" sizes=\"auto, (max-width: 391px) 100vw, 391px\" \/><\/a><\/p>\n<p>The jury included judges appointed by the ELMC, as well as several locally designated experts, including <strong>Aur\u00e9lien Raccah<\/strong> (Hosting professor &#8211; Associate Dean for International Development, Senior Lecturer and Director of the Master&#8217;s programme in International and European Law at the Faculty of Law &#8211; Universit\u00e9 Catholique de Lille), <strong>Elsa Bernard<\/strong> (Professor of Public Law and Vice-Dean for Research at the Universit\u00e9 de Lille), <strong>C\u00e9lia Challet<\/strong> (Assistant professor at ESPOL &#8211; Universit\u00e9 Catholique de Lille), <strong>Erik Pijnacker-Hordijk<\/strong> (Lawyer), <strong>Martin Johansson<\/strong> (Attorney),<strong>\u00a0S\u00e9gol\u00e8ne All\u00e8gre<\/strong> (Lawyer and FLD alumna), <strong>Stefaan Van Den Bogaert<\/strong> (Professor of European law and Director of the Europa Institute at Leiden Law School), <strong>Alisa Vekeman<\/strong> (Legal Officer at the European Commission), <strong>S\u00e9bastien Thomas<\/strong> (Senior Associate in the EU Financial and Competition Law practice of Arendt &amp; Medernach) and <strong>Francesco Martucci<\/strong> (Professor of Law at Universit\u00e9 Paris 2 Panth\u00e9on-Assas). This regional final was presided over by Judge <strong>Petra \u0160kva\u0159ilov\u00e1-Pelzl<\/strong>, President of the Sixth Chamber of the EU General Court.<\/p>\n<p>Coordinated by <strong>Gabriela Zeni Martins<\/strong>, Master of the Moot and Project Officer at <a href=\"https:\/\/www.c3rd.fr\/\" target=\"_blank\" rel=\"noopener\">C3RD<\/a>, this regional final highlights the Faculty of Law&#8217;s international commitment and its active involvement in major European academic competitions. The qualified teams will now continue the competition through to the grand final, which will take place in April at the Court of Justice of the European Union in Luxembourg.<\/p>\n<p><strong><span style=\"text-decoration: underline;\">Special thanks<\/span> to<\/strong> <strong>Anthony Abi Hanna<\/strong>, <strong>Rafael Molina<\/strong>, <strong>Diego Rey Hernandez<\/strong>, <strong>Sofia Sanchez de Carlos<\/strong>, and <strong>Estrella Ornelas Quezada<\/strong> (ELMC Company\/Organising Team).<\/p>\n","protected":false},"excerpt":{"rendered":"<p>From 5 to 7 February 2026, the Faculty of Law of the Universit\u00e9 Catholique de Lille hosted one of the regional finals of the prestigious European Law Moot Court (ELMC), an international moot court competition dedicated to European Union law. Following a first edition organised in 2023, the Faculty of Law once again brought together [&hellip;]<\/p>\n","protected":false},"author":41,"featured_media":34856,"comment_status":"closed","ping_status":"open","sticky":false,"template":"","format":"standard","meta":{"_acf_changed":false,"footnotes":""},"categories":[722],"tags":[],"class_list":["post-34873","post","type-post","status-publish","format-standard","has-post-thumbnail","hentry","category-international-en"],"acf":[],"yoast_head":"<!-- This site is optimized with the Yoast SEO plugin v27.4 - https:\/\/yoast.com\/product\/yoast-seo-wordpress\/ -->\n<title>The FLD hosted the regional final of the European Law Moot Court - Facult\u00e9 de droit<\/title>\n<meta name=\"description\" content=\"From 5 to 7 February 2026, the Faculty of Law of the Universit\u00e9 Catholique de Lille hosted one of the regional finals of the prestigious European Law Moot Court (ELMC), an international moot court competition dedicated to European Union law.\" \/>\n<meta name=\"robots\" content=\"index, follow, max-snippet:-1, max-image-preview:large, max-video-preview:-1\" \/>\n<link rel=\"canonical\" href=\"https:\/\/www.fld-lille.fr\/en\/the-fld-hosted-the-regional-final-of-the-european-law-moot-court\/\" \/>\n<meta property=\"og:locale\" content=\"en_US\" \/>\n<meta property=\"og:type\" content=\"article\" \/>\n<meta property=\"og:title\" content=\"The FLD hosted the regional final of the European Law Moot Court - Facult\u00e9 de droit\" \/>\n<meta property=\"og:description\" content=\"From 5 to 7 February 2026, the Faculty of Law of the Universit\u00e9 Catholique de Lille hosted one of the regional finals of the prestigious European Law Moot Court (ELMC), an international moot court competition dedicated to European Union law.\" \/>\n<meta property=\"og:url\" content=\"https:\/\/www.fld-lille.fr\/en\/the-fld-hosted-the-regional-final-of-the-european-law-moot-court\/\" \/>\n<meta property=\"og:site_name\" content=\"Facult\u00e9 de droit\" \/>\n<meta property=\"article:publisher\" content=\"https:\/\/www.facebook.com\/FLDLilleParis\/\" \/>\n<meta property=\"article:published_time\" content=\"2026-02-13T08:54:15+00:00\" \/>\n<meta property=\"article:modified_time\" content=\"2026-02-13T14:21:26+00:00\" \/>\n<meta property=\"og:image\" content=\"https:\/\/www.fld-lille.fr\/wp-content\/uploads\/2026\/02\/ACTUS-SITE-FLD-2026-02-12T160516.539.png\" \/>\n\t<meta property=\"og:image:width\" content=\"1172\" \/>\n\t<meta property=\"og:image:height\" content=\"619\" \/>\n\t<meta property=\"og:image:type\" content=\"image\/png\" \/>\n<meta name=\"author\" content=\"Marion Berger\" \/>\n<meta name=\"twitter:card\" content=\"summary_large_image\" \/>\n<meta name=\"twitter:label1\" content=\"Written by\" \/>\n\t<meta name=\"twitter:data1\" content=\"Marion Berger\" \/>\n\t<meta name=\"twitter:label2\" content=\"Est. reading time\" \/>\n\t<meta name=\"twitter:data2\" content=\"3 minutes\" \/>\n<script type=\"application\/ld+json\" class=\"yoast-schema-graph\">{\"@context\":\"https:\\\/\\\/schema.org\",\"@graph\":[{\"@type\":\"Article\",\"@id\":\"https:\\\/\\\/www.fld-lille.fr\\\/en\\\/the-fld-hosted-the-regional-final-of-the-european-law-moot-court\\\/#article\",\"isPartOf\":{\"@id\":\"https:\\\/\\\/www.fld-lille.fr\\\/en\\\/the-fld-hosted-the-regional-final-of-the-european-law-moot-court\\\/\"},\"author\":{\"name\":\"Marion Berger\",\"@id\":\"https:\\\/\\\/www.fld-lille.fr\\\/#\\\/schema\\\/person\\\/9b0e7d1ad46caa9440cbb557ca1c7e44\"},\"headline\":\"The FLD hosted the regional final of the European Law Moot Court\",\"datePublished\":\"2026-02-13T08:54:15+00:00\",\"dateModified\":\"2026-02-13T14:21:26+00:00\",\"mainEntityOfPage\":{\"@id\":\"https:\\\/\\\/www.fld-lille.fr\\\/en\\\/the-fld-hosted-the-regional-final-of-the-european-law-moot-court\\\/\"},\"wordCount\":438,\"image\":{\"@id\":\"https:\\\/\\\/www.fld-lille.fr\\\/en\\\/the-fld-hosted-the-regional-final-of-the-european-law-moot-court\\\/#primaryimage\"},\"thumbnailUrl\":\"https:\\\/\\\/www.fld-lille.fr\\\/wp-content\\\/uploads\\\/2026\\\/02\\\/ACTUS-SITE-FLD-2026-02-12T160516.539.png\",\"articleSection\":[\"International\"],\"inLanguage\":\"en-US\"},{\"@type\":\"WebPage\",\"@id\":\"https:\\\/\\\/www.fld-lille.fr\\\/en\\\/the-fld-hosted-the-regional-final-of-the-european-law-moot-court\\\/\",\"url\":\"https:\\\/\\\/www.fld-lille.fr\\\/en\\\/the-fld-hosted-the-regional-final-of-the-european-law-moot-court\\\/\",\"name\":\"The FLD hosted the regional final of the European Law Moot Court - Facult\u00e9 de droit\",\"isPartOf\":{\"@id\":\"https:\\\/\\\/www.fld-lille.fr\\\/#website\"},\"primaryImageOfPage\":{\"@id\":\"https:\\\/\\\/www.fld-lille.fr\\\/en\\\/the-fld-hosted-the-regional-final-of-the-european-law-moot-court\\\/#primaryimage\"},\"image\":{\"@id\":\"https:\\\/\\\/www.fld-lille.fr\\\/en\\\/the-fld-hosted-the-regional-final-of-the-european-law-moot-court\\\/#primaryimage\"},\"thumbnailUrl\":\"https:\\\/\\\/www.fld-lille.fr\\\/wp-content\\\/uploads\\\/2026\\\/02\\\/ACTUS-SITE-FLD-2026-02-12T160516.539.png\",\"datePublished\":\"2026-02-13T08:54:15+00:00\",\"dateModified\":\"2026-02-13T14:21:26+00:00\",\"author\":{\"@id\":\"https:\\\/\\\/www.fld-lille.fr\\\/#\\\/schema\\\/person\\\/9b0e7d1ad46caa9440cbb557ca1c7e44\"},\"description\":\"From 5 to 7 February 2026, the Faculty of Law of the Universit\u00e9 Catholique de Lille hosted one of the regional finals of the prestigious European Law Moot Court (ELMC), an international moot court competition dedicated to European Union law.\",\"breadcrumb\":{\"@id\":\"https:\\\/\\\/www.fld-lille.fr\\\/en\\\/the-fld-hosted-the-regional-final-of-the-european-law-moot-court\\\/#breadcrumb\"},\"inLanguage\":\"en-US\",\"potentialAction\":[{\"@type\":\"ReadAction\",\"target\":[\"https:\\\/\\\/www.fld-lille.fr\\\/en\\\/the-fld-hosted-the-regional-final-of-the-european-law-moot-court\\\/\"]}]},{\"@type\":\"ImageObject\",\"inLanguage\":\"en-US\",\"@id\":\"https:\\\/\\\/www.fld-lille.fr\\\/en\\\/the-fld-hosted-the-regional-final-of-the-european-law-moot-court\\\/#primaryimage\",\"url\":\"https:\\\/\\\/www.fld-lille.fr\\\/wp-content\\\/uploads\\\/2026\\\/02\\\/ACTUS-SITE-FLD-2026-02-12T160516.539.png\",\"contentUrl\":\"https:\\\/\\\/www.fld-lille.fr\\\/wp-content\\\/uploads\\\/2026\\\/02\\\/ACTUS-SITE-FLD-2026-02-12T160516.539.png\",\"width\":1172,\"height\":619},{\"@type\":\"BreadcrumbList\",\"@id\":\"https:\\\/\\\/www.fld-lille.fr\\\/en\\\/the-fld-hosted-the-regional-final-of-the-european-law-moot-court\\\/#breadcrumb\",\"itemListElement\":[{\"@type\":\"ListItem\",\"position\":1,\"name\":\"Accueil\",\"item\":\"https:\\\/\\\/www.fld-lille.fr\\\/en\\\/\"},{\"@type\":\"ListItem\",\"position\":2,\"name\":\"The FLD hosted the regional final of the European Law Moot Court\"}]},{\"@type\":\"WebSite\",\"@id\":\"https:\\\/\\\/www.fld-lille.fr\\\/#website\",\"url\":\"https:\\\/\\\/www.fld-lille.fr\\\/\",\"name\":\"Facult\u00e9 de droit\",\"description\":\"Les facult\u00e9s de l&#039;Universit\u00e9 Catholique de Lille\",\"potentialAction\":[{\"@type\":\"SearchAction\",\"target\":{\"@type\":\"EntryPoint\",\"urlTemplate\":\"https:\\\/\\\/www.fld-lille.fr\\\/?s={search_term_string}\"},\"query-input\":{\"@type\":\"PropertyValueSpecification\",\"valueRequired\":true,\"valueName\":\"search_term_string\"}}],\"inLanguage\":\"en-US\"},{\"@type\":\"Person\",\"@id\":\"https:\\\/\\\/www.fld-lille.fr\\\/#\\\/schema\\\/person\\\/9b0e7d1ad46caa9440cbb557ca1c7e44\",\"name\":\"Marion Berger\",\"url\":\"https:\\\/\\\/www.fld-lille.fr\\\/en\\\/author\\\/mberger\\\/\"}]}<\/script>\n<!-- \/ Yoast SEO plugin. -->","yoast_head_json":{"title":"The FLD hosted the regional final of the European Law Moot Court - Facult\u00e9 de droit","description":"From 5 to 7 February 2026, the Faculty of Law of the Universit\u00e9 Catholique de Lille hosted one of the regional finals of the prestigious European Law Moot Court (ELMC), an international moot court competition dedicated to European Union law.","robots":{"index":"index","follow":"follow","max-snippet":"max-snippet:-1","max-image-preview":"max-image-preview:large","max-video-preview":"max-video-preview:-1"},"canonical":"https:\/\/www.fld-lille.fr\/en\/the-fld-hosted-the-regional-final-of-the-european-law-moot-court\/","og_locale":"en_US","og_type":"article","og_title":"The FLD hosted the regional final of the European Law Moot Court - Facult\u00e9 de droit","og_description":"From 5 to 7 February 2026, the Faculty of Law of the Universit\u00e9 Catholique de Lille hosted one of the regional finals of the prestigious European Law Moot Court (ELMC), an international moot court competition dedicated to European Union law.","og_url":"https:\/\/www.fld-lille.fr\/en\/the-fld-hosted-the-regional-final-of-the-european-law-moot-court\/","og_site_name":"Facult\u00e9 de droit","article_publisher":"https:\/\/www.facebook.com\/FLDLilleParis\/","article_published_time":"2026-02-13T08:54:15+00:00","article_modified_time":"2026-02-13T14:21:26+00:00","og_image":[{"width":1172,"height":619,"url":"https:\/\/www.fld-lille.fr\/wp-content\/uploads\/2026\/02\/ACTUS-SITE-FLD-2026-02-12T160516.539.png","type":"image\/png"}],"author":"Marion Berger","twitter_card":"summary_large_image","twitter_misc":{"Written by":"Marion Berger","Est. reading time":"3 minutes"},"schema":{"@context":"https:\/\/schema.org","@graph":[{"@type":"Article","@id":"https:\/\/www.fld-lille.fr\/en\/the-fld-hosted-the-regional-final-of-the-european-law-moot-court\/#article","isPartOf":{"@id":"https:\/\/www.fld-lille.fr\/en\/the-fld-hosted-the-regional-final-of-the-european-law-moot-court\/"},"author":{"name":"Marion Berger","@id":"https:\/\/www.fld-lille.fr\/#\/schema\/person\/9b0e7d1ad46caa9440cbb557ca1c7e44"},"headline":"The FLD hosted the regional final of the European Law Moot Court","datePublished":"2026-02-13T08:54:15+00:00","dateModified":"2026-02-13T14:21:26+00:00","mainEntityOfPage":{"@id":"https:\/\/www.fld-lille.fr\/en\/the-fld-hosted-the-regional-final-of-the-european-law-moot-court\/"},"wordCount":438,"image":{"@id":"https:\/\/www.fld-lille.fr\/en\/the-fld-hosted-the-regional-final-of-the-european-law-moot-court\/#primaryimage"},"thumbnailUrl":"https:\/\/www.fld-lille.fr\/wp-content\/uploads\/2026\/02\/ACTUS-SITE-FLD-2026-02-12T160516.539.png","articleSection":["International"],"inLanguage":"en-US"},{"@type":"WebPage","@id":"https:\/\/www.fld-lille.fr\/en\/the-fld-hosted-the-regional-final-of-the-european-law-moot-court\/","url":"https:\/\/www.fld-lille.fr\/en\/the-fld-hosted-the-regional-final-of-the-european-law-moot-court\/","name":"The FLD hosted the regional final of the European Law Moot Court - Facult\u00e9 de droit","isPartOf":{"@id":"https:\/\/www.fld-lille.fr\/#website"},"primaryImageOfPage":{"@id":"https:\/\/www.fld-lille.fr\/en\/the-fld-hosted-the-regional-final-of-the-european-law-moot-court\/#primaryimage"},"image":{"@id":"https:\/\/www.fld-lille.fr\/en\/the-fld-hosted-the-regional-final-of-the-european-law-moot-court\/#primaryimage"},"thumbnailUrl":"https:\/\/www.fld-lille.fr\/wp-content\/uploads\/2026\/02\/ACTUS-SITE-FLD-2026-02-12T160516.539.png","datePublished":"2026-02-13T08:54:15+00:00","dateModified":"2026-02-13T14:21:26+00:00","author":{"@id":"https:\/\/www.fld-lille.fr\/#\/schema\/person\/9b0e7d1ad46caa9440cbb557ca1c7e44"},"description":"From 5 to 7 February 2026, the Faculty of Law of the Universit\u00e9 Catholique de Lille hosted one of the regional finals of the prestigious European Law Moot Court (ELMC), an international moot court competition dedicated to European Union law.","breadcrumb":{"@id":"https:\/\/www.fld-lille.fr\/en\/the-fld-hosted-the-regional-final-of-the-european-law-moot-court\/#breadcrumb"},"inLanguage":"en-US","potentialAction":[{"@type":"ReadAction","target":["https:\/\/www.fld-lille.fr\/en\/the-fld-hosted-the-regional-final-of-the-european-law-moot-court\/"]}]},{"@type":"ImageObject","inLanguage":"en-US","@id":"https:\/\/www.fld-lille.fr\/en\/the-fld-hosted-the-regional-final-of-the-european-law-moot-court\/#primaryimage","url":"https:\/\/www.fld-lille.fr\/wp-content\/uploads\/2026\/02\/ACTUS-SITE-FLD-2026-02-12T160516.539.png","contentUrl":"https:\/\/www.fld-lille.fr\/wp-content\/uploads\/2026\/02\/ACTUS-SITE-FLD-2026-02-12T160516.539.png","width":1172,"height":619},{"@type":"BreadcrumbList","@id":"https:\/\/www.fld-lille.fr\/en\/the-fld-hosted-the-regional-final-of-the-european-law-moot-court\/#breadcrumb","itemListElement":[{"@type":"ListItem","position":1,"name":"Accueil","item":"https:\/\/www.fld-lille.fr\/en\/"},{"@type":"ListItem","position":2,"name":"The FLD hosted the regional final of the European Law Moot Court"}]},{"@type":"WebSite","@id":"https:\/\/www.fld-lille.fr\/#website","url":"https:\/\/www.fld-lille.fr\/","name":"Facult\u00e9 de droit","description":"Les facult\u00e9s de l&#039;Universit\u00e9 Catholique de Lille","potentialAction":[{"@type":"SearchAction","target":{"@type":"EntryPoint","urlTemplate":"https:\/\/www.fld-lille.fr\/?s={search_term_string}"},"query-input":{"@type":"PropertyValueSpecification","valueRequired":true,"valueName":"search_term_string"}}],"inLanguage":"en-US"},{"@type":"Person","@id":"https:\/\/www.fld-lille.fr\/#\/schema\/person\/9b0e7d1ad46caa9440cbb557ca1c7e44","name":"Marion Berger","url":"https:\/\/www.fld-lille.fr\/en\/author\/mberger\/"}]}},"_links":{"self":[{"href":"https:\/\/www.fld-lille.fr\/en\/wp-json\/wp\/v2\/posts\/34873","targetHints":{"allow":["GET"]}}],"collection":[{"href":"https:\/\/www.fld-lille.fr\/en\/wp-json\/wp\/v2\/posts"}],"about":[{"href":"https:\/\/www.fld-lille.fr\/en\/wp-json\/wp\/v2\/types\/post"}],"author":[{"embeddable":true,"href":"https:\/\/www.fld-lille.fr\/en\/wp-json\/wp\/v2\/users\/41"}],"replies":[{"embeddable":true,"href":"https:\/\/www.fld-lille.fr\/en\/wp-json\/wp\/v2\/comments?post=34873"}],"version-history":[{"count":7,"href":"https:\/\/www.fld-lille.fr\/en\/wp-json\/wp\/v2\/posts\/34873\/revisions"}],"predecessor-version":[{"id":34895,"href":"https:\/\/www.fld-lille.fr\/en\/wp-json\/wp\/v2\/posts\/34873\/revisions\/34895"}],"wp:featuredmedia":[{"embeddable":true,"href":"https:\/\/www.fld-lille.fr\/en\/wp-json\/wp\/v2\/media\/34856"}],"wp:attachment":[{"href":"https:\/\/www.fld-lille.fr\/en\/wp-json\/wp\/v2\/media?parent=34873"}],"wp:term":[{"taxonomy":"category","embeddable":true,"href":"https:\/\/www.fld-lille.fr\/en\/wp-json\/wp\/v2\/categories?post=34873"},{"taxonomy":"post_tag","embeddable":true,"href":"https:\/\/www.fld-lille.fr\/en\/wp-json\/wp\/v2\/tags?post=34873"}],"curies":[{"name":"wp","href":"https:\/\/api.w.org\/{rel}","templated":true}]}}