{"id":34156,"date":"2025-11-21T10:10:06","date_gmt":"2025-11-21T09:10:06","guid":{"rendered":"https:\/\/www.fld-lille.fr\/?p=34156"},"modified":"2025-11-26T10:11:48","modified_gmt":"2025-11-26T09:11:48","slug":"international-job-fair-2025-a-career-without-borders","status":"publish","type":"post","link":"https:\/\/www.fld-lille.fr\/en\/international-job-fair-2025-a-career-without-borders\/","title":{"rendered":"International Job Fair 2025: a career without borders"},"content":{"rendered":"<p>On Thursday 20 November 2025, the <strong>Faculty of Law of the Universit\u00e9 Catholique de Lille<\/strong> hosted a new edition of its<strong> International Job Fair<\/strong>, a key event for <strong>IELS Master&#8217;s students<\/strong> seeking to develop their professional plans on an international scale.<\/p>\n<p>The afternoon opened with a presentation of the V.I.E.\/V.I.A. programme by Business France, followed by a lecture given by the Ministry for Europe and Foreign Affairs.<\/p>\n<p>Students were then able to engage freely with the many professionals in attendance, including representatives from: GGV Avocats, BCTG Avocats, Lille Legal, Business France, Inspired Change Corporate, IDLO, Loi et Strat\u00e9gies, KPMG Luxembourg, Cleary Gottlieb &amp; Hamilton, Amnesty International, DCCI, OECD, Roedl &amp; Partner, le Minist\u00e8re des Affaires \u00e9trang\u00e8res et NautaDutilh.<\/p>\n<p>These exchanges offered students the chance to learn about inspiring career paths, expand their networks, and identify potential internship opportunities.<\/p>\n<p>The day concluded with an Alumni Talk dedicated to careers in international law.<\/p>\n<p><em><strong>Our sincere thanks go to all speakers and teams involved for contributing to the success of this year&#8217;s edition.<\/strong><\/em><\/p>\n","protected":false},"excerpt":{"rendered":"<p>On Thursday 20 November 2025, the Faculty of Law of the Universit\u00e9 Catholique de Lille hosted a new edition of its International Job Fair, a key event for IELS Master&#8217;s students seeking to develop their professional plans on an international scale. The afternoon opened with a presentation of the V.I.E.\/V.I.A. programme by Business France, followed [&hellip;]<\/p>\n","protected":false},"author":41,"featured_media":34104,"comment_status":"closed","ping_status":"open","sticky":false,"template":"","format":"standard","meta":{"_acf_changed":false,"footnotes":""},"categories":[722,719],"tags":[],"class_list":["post-34156","post","type-post","status-publish","format-standard","has-post-thumbnail","hentry","category-international-en","category-lille-en"],"acf":[],"yoast_head":"<!-- This site is optimized with the Yoast SEO plugin v27.4 - https:\/\/yoast.com\/product\/yoast-seo-wordpress\/ -->\n<title>International Job Fair 2025: a career without borders - Facult\u00e9 de droit<\/title>\n<meta name=\"description\" content=\"The Faculty of Law of the Universit\u00e9 Catholique de Lille hosted a new edition of its International Job Fair, a key event for IELS Master&#039;s students.\" \/>\n<meta name=\"robots\" content=\"index, follow, max-snippet:-1, max-image-preview:large, max-video-preview:-1\" \/>\n<link rel=\"canonical\" href=\"https:\/\/www.fld-lille.fr\/en\/international-job-fair-2025-a-career-without-borders\/\" \/>\n<meta property=\"og:locale\" content=\"en_US\" \/>\n<meta property=\"og:type\" content=\"article\" \/>\n<meta property=\"og:title\" content=\"International Job Fair 2025: a career without borders - Facult\u00e9 de droit\" \/>\n<meta property=\"og:description\" content=\"The Faculty of Law of the Universit\u00e9 Catholique de Lille hosted a new edition of its International Job Fair, a key event for IELS Master&#039;s students.\" \/>\n<meta property=\"og:url\" content=\"https:\/\/www.fld-lille.fr\/en\/international-job-fair-2025-a-career-without-borders\/\" \/>\n<meta property=\"og:site_name\" content=\"Facult\u00e9 de droit\" \/>\n<meta property=\"article:publisher\" content=\"https:\/\/www.facebook.com\/FLDLilleParis\/\" \/>\n<meta property=\"article:published_time\" content=\"2025-11-21T09:10:06+00:00\" \/>\n<meta property=\"article:modified_time\" content=\"2025-11-26T09:11:48+00:00\" \/>\n<meta property=\"og:image\" content=\"https:\/\/www.fld-lille.fr\/wp-content\/uploads\/2025\/11\/ACTUS-SITE-FLD-2025-11-21T103608.186.png\" \/>\n\t<meta property=\"og:image:width\" content=\"1172\" \/>\n\t<meta property=\"og:image:height\" content=\"619\" \/>\n\t<meta property=\"og:image:type\" content=\"image\/png\" \/>\n<meta name=\"author\" content=\"Marion Berger\" \/>\n<meta name=\"twitter:card\" content=\"summary_large_image\" \/>\n<meta name=\"twitter:label1\" content=\"Written by\" \/>\n\t<meta name=\"twitter:data1\" content=\"Marion Berger\" \/>\n\t<meta name=\"twitter:label2\" content=\"Est. reading time\" \/>\n\t<meta name=\"twitter:data2\" content=\"2 minutes\" \/>\n<script type=\"application\/ld+json\" class=\"yoast-schema-graph\">{\"@context\":\"https:\\\/\\\/schema.org\",\"@graph\":[{\"@type\":\"Article\",\"@id\":\"https:\\\/\\\/www.fld-lille.fr\\\/en\\\/international-job-fair-2025-a-career-without-borders\\\/#article\",\"isPartOf\":{\"@id\":\"https:\\\/\\\/www.fld-lille.fr\\\/en\\\/international-job-fair-2025-a-career-without-borders\\\/\"},\"author\":{\"name\":\"Marion Berger\",\"@id\":\"https:\\\/\\\/www.fld-lille.fr\\\/#\\\/schema\\\/person\\\/9b0e7d1ad46caa9440cbb557ca1c7e44\"},\"headline\":\"International Job Fair 2025: a career without borders\",\"datePublished\":\"2025-11-21T09:10:06+00:00\",\"dateModified\":\"2025-11-26T09:11:48+00:00\",\"mainEntityOfPage\":{\"@id\":\"https:\\\/\\\/www.fld-lille.fr\\\/en\\\/international-job-fair-2025-a-career-without-borders\\\/\"},\"wordCount\":185,\"image\":{\"@id\":\"https:\\\/\\\/www.fld-lille.fr\\\/en\\\/international-job-fair-2025-a-career-without-borders\\\/#primaryimage\"},\"thumbnailUrl\":\"https:\\\/\\\/www.fld-lille.fr\\\/wp-content\\\/uploads\\\/2025\\\/11\\\/ACTUS-SITE-FLD-2025-11-21T103608.186.png\",\"articleSection\":[\"International\",\"Lille\"],\"inLanguage\":\"en-US\"},{\"@type\":\"WebPage\",\"@id\":\"https:\\\/\\\/www.fld-lille.fr\\\/en\\\/international-job-fair-2025-a-career-without-borders\\\/\",\"url\":\"https:\\\/\\\/www.fld-lille.fr\\\/en\\\/international-job-fair-2025-a-career-without-borders\\\/\",\"name\":\"International Job Fair 2025: a career without borders - Facult\u00e9 de droit\",\"isPartOf\":{\"@id\":\"https:\\\/\\\/www.fld-lille.fr\\\/#website\"},\"primaryImageOfPage\":{\"@id\":\"https:\\\/\\\/www.fld-lille.fr\\\/en\\\/international-job-fair-2025-a-career-without-borders\\\/#primaryimage\"},\"image\":{\"@id\":\"https:\\\/\\\/www.fld-lille.fr\\\/en\\\/international-job-fair-2025-a-career-without-borders\\\/#primaryimage\"},\"thumbnailUrl\":\"https:\\\/\\\/www.fld-lille.fr\\\/wp-content\\\/uploads\\\/2025\\\/11\\\/ACTUS-SITE-FLD-2025-11-21T103608.186.png\",\"datePublished\":\"2025-11-21T09:10:06+00:00\",\"dateModified\":\"2025-11-26T09:11:48+00:00\",\"author\":{\"@id\":\"https:\\\/\\\/www.fld-lille.fr\\\/#\\\/schema\\\/person\\\/9b0e7d1ad46caa9440cbb557ca1c7e44\"},\"description\":\"The Faculty of Law of the Universit\u00e9 Catholique de Lille hosted a new edition of its International Job Fair, a key event for IELS Master's students.\",\"breadcrumb\":{\"@id\":\"https:\\\/\\\/www.fld-lille.fr\\\/en\\\/international-job-fair-2025-a-career-without-borders\\\/#breadcrumb\"},\"inLanguage\":\"en-US\",\"potentialAction\":[{\"@type\":\"ReadAction\",\"target\":[\"https:\\\/\\\/www.fld-lille.fr\\\/en\\\/international-job-fair-2025-a-career-without-borders\\\/\"]}]},{\"@type\":\"ImageObject\",\"inLanguage\":\"en-US\",\"@id\":\"https:\\\/\\\/www.fld-lille.fr\\\/en\\\/international-job-fair-2025-a-career-without-borders\\\/#primaryimage\",\"url\":\"https:\\\/\\\/www.fld-lille.fr\\\/wp-content\\\/uploads\\\/2025\\\/11\\\/ACTUS-SITE-FLD-2025-11-21T103608.186.png\",\"contentUrl\":\"https:\\\/\\\/www.fld-lille.fr\\\/wp-content\\\/uploads\\\/2025\\\/11\\\/ACTUS-SITE-FLD-2025-11-21T103608.186.png\",\"width\":1172,\"height\":619},{\"@type\":\"BreadcrumbList\",\"@id\":\"https:\\\/\\\/www.fld-lille.fr\\\/en\\\/international-job-fair-2025-a-career-without-borders\\\/#breadcrumb\",\"itemListElement\":[{\"@type\":\"ListItem\",\"position\":1,\"name\":\"Accueil\",\"item\":\"https:\\\/\\\/www.fld-lille.fr\\\/en\\\/\"},{\"@type\":\"ListItem\",\"position\":2,\"name\":\"International Job Fair 2025: a career without borders\"}]},{\"@type\":\"WebSite\",\"@id\":\"https:\\\/\\\/www.fld-lille.fr\\\/#website\",\"url\":\"https:\\\/\\\/www.fld-lille.fr\\\/\",\"name\":\"Facult\u00e9 de droit\",\"description\":\"Les facult\u00e9s de l&#039;Universit\u00e9 Catholique de Lille\",\"potentialAction\":[{\"@type\":\"SearchAction\",\"target\":{\"@type\":\"EntryPoint\",\"urlTemplate\":\"https:\\\/\\\/www.fld-lille.fr\\\/?s={search_term_string}\"},\"query-input\":{\"@type\":\"PropertyValueSpecification\",\"valueRequired\":true,\"valueName\":\"search_term_string\"}}],\"inLanguage\":\"en-US\"},{\"@type\":\"Person\",\"@id\":\"https:\\\/\\\/www.fld-lille.fr\\\/#\\\/schema\\\/person\\\/9b0e7d1ad46caa9440cbb557ca1c7e44\",\"name\":\"Marion Berger\",\"url\":\"https:\\\/\\\/www.fld-lille.fr\\\/en\\\/author\\\/mberger\\\/\"}]}<\/script>\n<!-- \/ Yoast SEO plugin. -->","yoast_head_json":{"title":"International Job Fair 2025: a career without borders - Facult\u00e9 de droit","description":"The Faculty of Law of the Universit\u00e9 Catholique de Lille hosted a new edition of its International Job Fair, a key event for IELS Master's students.","robots":{"index":"index","follow":"follow","max-snippet":"max-snippet:-1","max-image-preview":"max-image-preview:large","max-video-preview":"max-video-preview:-1"},"canonical":"https:\/\/www.fld-lille.fr\/en\/international-job-fair-2025-a-career-without-borders\/","og_locale":"en_US","og_type":"article","og_title":"International Job Fair 2025: a career without borders - Facult\u00e9 de droit","og_description":"The Faculty of Law of the Universit\u00e9 Catholique de Lille hosted a new edition of its International Job Fair, a key event for IELS Master's students.","og_url":"https:\/\/www.fld-lille.fr\/en\/international-job-fair-2025-a-career-without-borders\/","og_site_name":"Facult\u00e9 de droit","article_publisher":"https:\/\/www.facebook.com\/FLDLilleParis\/","article_published_time":"2025-11-21T09:10:06+00:00","article_modified_time":"2025-11-26T09:11:48+00:00","og_image":[{"width":1172,"height":619,"url":"https:\/\/www.fld-lille.fr\/wp-content\/uploads\/2025\/11\/ACTUS-SITE-FLD-2025-11-21T103608.186.png","type":"image\/png"}],"author":"Marion Berger","twitter_card":"summary_large_image","twitter_misc":{"Written by":"Marion Berger","Est. reading time":"2 minutes"},"schema":{"@context":"https:\/\/schema.org","@graph":[{"@type":"Article","@id":"https:\/\/www.fld-lille.fr\/en\/international-job-fair-2025-a-career-without-borders\/#article","isPartOf":{"@id":"https:\/\/www.fld-lille.fr\/en\/international-job-fair-2025-a-career-without-borders\/"},"author":{"name":"Marion Berger","@id":"https:\/\/www.fld-lille.fr\/#\/schema\/person\/9b0e7d1ad46caa9440cbb557ca1c7e44"},"headline":"International Job Fair 2025: a career without borders","datePublished":"2025-11-21T09:10:06+00:00","dateModified":"2025-11-26T09:11:48+00:00","mainEntityOfPage":{"@id":"https:\/\/www.fld-lille.fr\/en\/international-job-fair-2025-a-career-without-borders\/"},"wordCount":185,"image":{"@id":"https:\/\/www.fld-lille.fr\/en\/international-job-fair-2025-a-career-without-borders\/#primaryimage"},"thumbnailUrl":"https:\/\/www.fld-lille.fr\/wp-content\/uploads\/2025\/11\/ACTUS-SITE-FLD-2025-11-21T103608.186.png","articleSection":["International","Lille"],"inLanguage":"en-US"},{"@type":"WebPage","@id":"https:\/\/www.fld-lille.fr\/en\/international-job-fair-2025-a-career-without-borders\/","url":"https:\/\/www.fld-lille.fr\/en\/international-job-fair-2025-a-career-without-borders\/","name":"International Job Fair 2025: a career without borders - Facult\u00e9 de droit","isPartOf":{"@id":"https:\/\/www.fld-lille.fr\/#website"},"primaryImageOfPage":{"@id":"https:\/\/www.fld-lille.fr\/en\/international-job-fair-2025-a-career-without-borders\/#primaryimage"},"image":{"@id":"https:\/\/www.fld-lille.fr\/en\/international-job-fair-2025-a-career-without-borders\/#primaryimage"},"thumbnailUrl":"https:\/\/www.fld-lille.fr\/wp-content\/uploads\/2025\/11\/ACTUS-SITE-FLD-2025-11-21T103608.186.png","datePublished":"2025-11-21T09:10:06+00:00","dateModified":"2025-11-26T09:11:48+00:00","author":{"@id":"https:\/\/www.fld-lille.fr\/#\/schema\/person\/9b0e7d1ad46caa9440cbb557ca1c7e44"},"description":"The Faculty of Law of the Universit\u00e9 Catholique de Lille hosted a new edition of its International Job Fair, a key event for IELS Master's students.","breadcrumb":{"@id":"https:\/\/www.fld-lille.fr\/en\/international-job-fair-2025-a-career-without-borders\/#breadcrumb"},"inLanguage":"en-US","potentialAction":[{"@type":"ReadAction","target":["https:\/\/www.fld-lille.fr\/en\/international-job-fair-2025-a-career-without-borders\/"]}]},{"@type":"ImageObject","inLanguage":"en-US","@id":"https:\/\/www.fld-lille.fr\/en\/international-job-fair-2025-a-career-without-borders\/#primaryimage","url":"https:\/\/www.fld-lille.fr\/wp-content\/uploads\/2025\/11\/ACTUS-SITE-FLD-2025-11-21T103608.186.png","contentUrl":"https:\/\/www.fld-lille.fr\/wp-content\/uploads\/2025\/11\/ACTUS-SITE-FLD-2025-11-21T103608.186.png","width":1172,"height":619},{"@type":"BreadcrumbList","@id":"https:\/\/www.fld-lille.fr\/en\/international-job-fair-2025-a-career-without-borders\/#breadcrumb","itemListElement":[{"@type":"ListItem","position":1,"name":"Accueil","item":"https:\/\/www.fld-lille.fr\/en\/"},{"@type":"ListItem","position":2,"name":"International Job Fair 2025: a career without borders"}]},{"@type":"WebSite","@id":"https:\/\/www.fld-lille.fr\/#website","url":"https:\/\/www.fld-lille.fr\/","name":"Facult\u00e9 de droit","description":"Les facult\u00e9s de l&#039;Universit\u00e9 Catholique de Lille","potentialAction":[{"@type":"SearchAction","target":{"@type":"EntryPoint","urlTemplate":"https:\/\/www.fld-lille.fr\/?s={search_term_string}"},"query-input":{"@type":"PropertyValueSpecification","valueRequired":true,"valueName":"search_term_string"}}],"inLanguage":"en-US"},{"@type":"Person","@id":"https:\/\/www.fld-lille.fr\/#\/schema\/person\/9b0e7d1ad46caa9440cbb557ca1c7e44","name":"Marion Berger","url":"https:\/\/www.fld-lille.fr\/en\/author\/mberger\/"}]}},"_links":{"self":[{"href":"https:\/\/www.fld-lille.fr\/en\/wp-json\/wp\/v2\/posts\/34156","targetHints":{"allow":["GET"]}}],"collection":[{"href":"https:\/\/www.fld-lille.fr\/en\/wp-json\/wp\/v2\/posts"}],"about":[{"href":"https:\/\/www.fld-lille.fr\/en\/wp-json\/wp\/v2\/types\/post"}],"author":[{"embeddable":true,"href":"https:\/\/www.fld-lille.fr\/en\/wp-json\/wp\/v2\/users\/41"}],"replies":[{"embeddable":true,"href":"https:\/\/www.fld-lille.fr\/en\/wp-json\/wp\/v2\/comments?post=34156"}],"version-history":[{"count":1,"href":"https:\/\/www.fld-lille.fr\/en\/wp-json\/wp\/v2\/posts\/34156\/revisions"}],"predecessor-version":[{"id":34157,"href":"https:\/\/www.fld-lille.fr\/en\/wp-json\/wp\/v2\/posts\/34156\/revisions\/34157"}],"wp:featuredmedia":[{"embeddable":true,"href":"https:\/\/www.fld-lille.fr\/en\/wp-json\/wp\/v2\/media\/34104"}],"wp:attachment":[{"href":"https:\/\/www.fld-lille.fr\/en\/wp-json\/wp\/v2\/media?parent=34156"}],"wp:term":[{"taxonomy":"category","embeddable":true,"href":"https:\/\/www.fld-lille.fr\/en\/wp-json\/wp\/v2\/categories?post=34156"},{"taxonomy":"post_tag","embeddable":true,"href":"https:\/\/www.fld-lille.fr\/en\/wp-json\/wp\/v2\/tags?post=34156"}],"curies":[{"name":"wp","href":"https:\/\/api.w.org\/{rel}","templated":true}]}}