{"id":33286,"date":"2025-09-08T08:02:45","date_gmt":"2025-09-08T07:02:45","guid":{"rendered":"https:\/\/www.fld-lille.fr\/?p=33286"},"modified":"2025-09-24T16:03:10","modified_gmt":"2025-09-24T15:03:10","slug":"service-learning-education-in-action","status":"publish","type":"post","link":"https:\/\/www.fld-lille.fr\/en\/service-learning-education-in-action\/","title":{"rendered":"Service-Learning: education in action"},"content":{"rendered":"<p>On <strong>Friday 12 September<\/strong>, <strong>from 1 p.m. to 5 p.m.<\/strong>, the <strong>Universit\u00e9 Catholique de Lille<\/strong> will host the first <strong>Service-Learning Festival<\/strong> at Campus WENOV (FGES, 1st floor, rooms WE B 139-144, 177 all\u00e9e Cl\u00e9mentine Deman, Lille).<\/p>\n<h3><span style=\"color: #ff0000;\"><strong>Service-Learning: an experiential approach\u00a0<\/strong><\/span><\/h3>\n<p><strong>Service-Learning<\/strong> is a teaching method that combines academic learning with hands-on engagement. Students are invited to take part in concrete projects led by partner associations, directly linked to their skills and academic pathway.<\/p>\n<p>This recognised and fully accredited form of involvement fosters both human and professional qualities: a sense of responsibility, adaptability, teamwork and openness to others.<\/p>\n<h3><span style=\"color: #ff0000;\"><strong>A festival to explore, connect and choose<\/strong><\/span><\/h3>\n<p>Throughout the afternoon, students will have the opportunity to:<\/p>\n<ul>\n<li>Discover Service-Learning projects proposed by community-based associations<\/li>\n<li>Exchange ideas with field practitioners and fellow students already involved<\/li>\n<li>Gain a clear understanding of how Service-Learning can be integrated into their studies<\/li>\n<li>Meet the Universit\u00e9 Catholique de Lille Humanities team<\/li>\n<\/ul>\n<p>The event is designed as an open and welcoming occasion where everyone can drop in at their convenience to gather information, ask questions and identify a project that matches their interests.<\/p>\n<h3><strong><span style=\"color: #ff0000;\">An invitation to get involved<\/span><\/strong><\/h3>\n<p><strong>The Faculty of Law strongly encourages its students to attend the festival<\/strong> and to consider embarking on a <strong>Service-Learning project<\/strong> from the start of the academic year. Taking part in such an experience not only enriches a university education but also helps prepare future professionals and citizens to play an active role in society.<\/p>\n<p><em><strong>Service-Learning: a meaningful way to bring your studies to life.<\/strong><\/em><\/p>\n","protected":false},"excerpt":{"rendered":"<p>On Friday 12 September, from 1 p.m. to 5 p.m., the Universit\u00e9 Catholique de Lille will host the first Service-Learning Festival at Campus WENOV (FGES, 1st floor, rooms WE B 139-144, 177 all\u00e9e Cl\u00e9mentine Deman, Lille). Service-Learning: an experiential approach\u00a0 Service-Learning is a teaching method that combines academic learning with hands-on engagement. Students are invited [&hellip;]<\/p>\n","protected":false},"author":41,"featured_media":32962,"comment_status":"closed","ping_status":"open","sticky":false,"template":"","format":"standard","meta":{"_acf_changed":false,"footnotes":""},"categories":[719],"tags":[],"class_list":["post-33286","post","type-post","status-publish","format-standard","has-post-thumbnail","hentry","category-lille-en"],"acf":[],"yoast_head":"<!-- This site is optimized with the Yoast SEO plugin v27.4 - https:\/\/yoast.com\/product\/yoast-seo-wordpress\/ -->\n<title>Service-Learning: education in action - Facult\u00e9 de droit<\/title>\n<meta name=\"description\" content=\"On Friday 12 September, from 1 p.m. to 5 p.m., the Universit\u00e9 Catholique de Lille will host the first Service-Learning Festival at Campus WENOV (FGES, 1st floor, rooms WE B 139-144, 177 all\u00e9e Cl\u00e9mentine Deman, Lille).\" \/>\n<meta name=\"robots\" content=\"index, follow, max-snippet:-1, max-image-preview:large, max-video-preview:-1\" \/>\n<link rel=\"canonical\" href=\"https:\/\/www.fld-lille.fr\/en\/service-learning-education-in-action\/\" \/>\n<meta property=\"og:locale\" content=\"en_US\" \/>\n<meta property=\"og:type\" content=\"article\" \/>\n<meta property=\"og:title\" content=\"Service-Learning: education in action - Facult\u00e9 de droit\" \/>\n<meta property=\"og:description\" content=\"On Friday 12 September, from 1 p.m. to 5 p.m., the Universit\u00e9 Catholique de Lille will host the first Service-Learning Festival at Campus WENOV (FGES, 1st floor, rooms WE B 139-144, 177 all\u00e9e Cl\u00e9mentine Deman, Lille).\" \/>\n<meta property=\"og:url\" content=\"https:\/\/www.fld-lille.fr\/en\/service-learning-education-in-action\/\" \/>\n<meta property=\"og:site_name\" content=\"Facult\u00e9 de droit\" \/>\n<meta property=\"article:publisher\" content=\"https:\/\/www.facebook.com\/FLDLilleParis\/\" \/>\n<meta property=\"article:published_time\" content=\"2025-09-08T07:02:45+00:00\" \/>\n<meta property=\"article:modified_time\" content=\"2025-09-24T15:03:10+00:00\" \/>\n<meta property=\"og:image\" content=\"https:\/\/www.fld-lille.fr\/wp-content\/uploads\/2025\/09\/ACTUS-SITE-FLD-2025-09-08T154512.039-1.png\" \/>\n\t<meta property=\"og:image:width\" content=\"1172\" \/>\n\t<meta property=\"og:image:height\" content=\"619\" \/>\n\t<meta property=\"og:image:type\" content=\"image\/png\" \/>\n<meta name=\"author\" content=\"Marion Berger\" \/>\n<meta name=\"twitter:card\" content=\"summary_large_image\" \/>\n<meta name=\"twitter:label1\" content=\"Written by\" \/>\n\t<meta name=\"twitter:data1\" content=\"Marion Berger\" \/>\n\t<meta name=\"twitter:label2\" content=\"Est. reading time\" \/>\n\t<meta name=\"twitter:data2\" content=\"2 minutes\" \/>\n<script type=\"application\/ld+json\" class=\"yoast-schema-graph\">{\"@context\":\"https:\\\/\\\/schema.org\",\"@graph\":[{\"@type\":\"Article\",\"@id\":\"https:\\\/\\\/www.fld-lille.fr\\\/en\\\/service-learning-education-in-action\\\/#article\",\"isPartOf\":{\"@id\":\"https:\\\/\\\/www.fld-lille.fr\\\/en\\\/service-learning-education-in-action\\\/\"},\"author\":{\"name\":\"Marion Berger\",\"@id\":\"https:\\\/\\\/www.fld-lille.fr\\\/#\\\/schema\\\/person\\\/9b0e7d1ad46caa9440cbb557ca1c7e44\"},\"headline\":\"Service-Learning: education in action\",\"datePublished\":\"2025-09-08T07:02:45+00:00\",\"dateModified\":\"2025-09-24T15:03:10+00:00\",\"mainEntityOfPage\":{\"@id\":\"https:\\\/\\\/www.fld-lille.fr\\\/en\\\/service-learning-education-in-action\\\/\"},\"wordCount\":255,\"image\":{\"@id\":\"https:\\\/\\\/www.fld-lille.fr\\\/en\\\/service-learning-education-in-action\\\/#primaryimage\"},\"thumbnailUrl\":\"https:\\\/\\\/www.fld-lille.fr\\\/wp-content\\\/uploads\\\/2025\\\/09\\\/ACTUS-SITE-FLD-2025-09-08T154512.039-1.png\",\"articleSection\":[\"Lille\"],\"inLanguage\":\"en-US\"},{\"@type\":\"WebPage\",\"@id\":\"https:\\\/\\\/www.fld-lille.fr\\\/en\\\/service-learning-education-in-action\\\/\",\"url\":\"https:\\\/\\\/www.fld-lille.fr\\\/en\\\/service-learning-education-in-action\\\/\",\"name\":\"Service-Learning: education in action - Facult\u00e9 de droit\",\"isPartOf\":{\"@id\":\"https:\\\/\\\/www.fld-lille.fr\\\/#website\"},\"primaryImageOfPage\":{\"@id\":\"https:\\\/\\\/www.fld-lille.fr\\\/en\\\/service-learning-education-in-action\\\/#primaryimage\"},\"image\":{\"@id\":\"https:\\\/\\\/www.fld-lille.fr\\\/en\\\/service-learning-education-in-action\\\/#primaryimage\"},\"thumbnailUrl\":\"https:\\\/\\\/www.fld-lille.fr\\\/wp-content\\\/uploads\\\/2025\\\/09\\\/ACTUS-SITE-FLD-2025-09-08T154512.039-1.png\",\"datePublished\":\"2025-09-08T07:02:45+00:00\",\"dateModified\":\"2025-09-24T15:03:10+00:00\",\"author\":{\"@id\":\"https:\\\/\\\/www.fld-lille.fr\\\/#\\\/schema\\\/person\\\/9b0e7d1ad46caa9440cbb557ca1c7e44\"},\"description\":\"On Friday 12 September, from 1 p.m. to 5 p.m., the Universit\u00e9 Catholique de Lille will host the first Service-Learning Festival at Campus WENOV (FGES, 1st floor, rooms WE B 139-144, 177 all\u00e9e Cl\u00e9mentine Deman, Lille).\",\"breadcrumb\":{\"@id\":\"https:\\\/\\\/www.fld-lille.fr\\\/en\\\/service-learning-education-in-action\\\/#breadcrumb\"},\"inLanguage\":\"en-US\",\"potentialAction\":[{\"@type\":\"ReadAction\",\"target\":[\"https:\\\/\\\/www.fld-lille.fr\\\/en\\\/service-learning-education-in-action\\\/\"]}]},{\"@type\":\"ImageObject\",\"inLanguage\":\"en-US\",\"@id\":\"https:\\\/\\\/www.fld-lille.fr\\\/en\\\/service-learning-education-in-action\\\/#primaryimage\",\"url\":\"https:\\\/\\\/www.fld-lille.fr\\\/wp-content\\\/uploads\\\/2025\\\/09\\\/ACTUS-SITE-FLD-2025-09-08T154512.039-1.png\",\"contentUrl\":\"https:\\\/\\\/www.fld-lille.fr\\\/wp-content\\\/uploads\\\/2025\\\/09\\\/ACTUS-SITE-FLD-2025-09-08T154512.039-1.png\",\"width\":1172,\"height\":619},{\"@type\":\"BreadcrumbList\",\"@id\":\"https:\\\/\\\/www.fld-lille.fr\\\/en\\\/service-learning-education-in-action\\\/#breadcrumb\",\"itemListElement\":[{\"@type\":\"ListItem\",\"position\":1,\"name\":\"Accueil\",\"item\":\"https:\\\/\\\/www.fld-lille.fr\\\/en\\\/\"},{\"@type\":\"ListItem\",\"position\":2,\"name\":\"Service-Learning: education in action\"}]},{\"@type\":\"WebSite\",\"@id\":\"https:\\\/\\\/www.fld-lille.fr\\\/#website\",\"url\":\"https:\\\/\\\/www.fld-lille.fr\\\/\",\"name\":\"Facult\u00e9 de droit\",\"description\":\"Les facult\u00e9s de l&#039;Universit\u00e9 Catholique de Lille\",\"potentialAction\":[{\"@type\":\"SearchAction\",\"target\":{\"@type\":\"EntryPoint\",\"urlTemplate\":\"https:\\\/\\\/www.fld-lille.fr\\\/?s={search_term_string}\"},\"query-input\":{\"@type\":\"PropertyValueSpecification\",\"valueRequired\":true,\"valueName\":\"search_term_string\"}}],\"inLanguage\":\"en-US\"},{\"@type\":\"Person\",\"@id\":\"https:\\\/\\\/www.fld-lille.fr\\\/#\\\/schema\\\/person\\\/9b0e7d1ad46caa9440cbb557ca1c7e44\",\"name\":\"Marion Berger\",\"url\":\"https:\\\/\\\/www.fld-lille.fr\\\/en\\\/author\\\/mberger\\\/\"}]}<\/script>\n<!-- \/ Yoast SEO plugin. -->","yoast_head_json":{"title":"Service-Learning: education in action - Facult\u00e9 de droit","description":"On Friday 12 September, from 1 p.m. to 5 p.m., the Universit\u00e9 Catholique de Lille will host the first Service-Learning Festival at Campus WENOV (FGES, 1st floor, rooms WE B 139-144, 177 all\u00e9e Cl\u00e9mentine Deman, Lille).","robots":{"index":"index","follow":"follow","max-snippet":"max-snippet:-1","max-image-preview":"max-image-preview:large","max-video-preview":"max-video-preview:-1"},"canonical":"https:\/\/www.fld-lille.fr\/en\/service-learning-education-in-action\/","og_locale":"en_US","og_type":"article","og_title":"Service-Learning: education in action - Facult\u00e9 de droit","og_description":"On Friday 12 September, from 1 p.m. to 5 p.m., the Universit\u00e9 Catholique de Lille will host the first Service-Learning Festival at Campus WENOV (FGES, 1st floor, rooms WE B 139-144, 177 all\u00e9e Cl\u00e9mentine Deman, Lille).","og_url":"https:\/\/www.fld-lille.fr\/en\/service-learning-education-in-action\/","og_site_name":"Facult\u00e9 de droit","article_publisher":"https:\/\/www.facebook.com\/FLDLilleParis\/","article_published_time":"2025-09-08T07:02:45+00:00","article_modified_time":"2025-09-24T15:03:10+00:00","og_image":[{"width":1172,"height":619,"url":"https:\/\/www.fld-lille.fr\/wp-content\/uploads\/2025\/09\/ACTUS-SITE-FLD-2025-09-08T154512.039-1.png","type":"image\/png"}],"author":"Marion Berger","twitter_card":"summary_large_image","twitter_misc":{"Written by":"Marion Berger","Est. reading time":"2 minutes"},"schema":{"@context":"https:\/\/schema.org","@graph":[{"@type":"Article","@id":"https:\/\/www.fld-lille.fr\/en\/service-learning-education-in-action\/#article","isPartOf":{"@id":"https:\/\/www.fld-lille.fr\/en\/service-learning-education-in-action\/"},"author":{"name":"Marion Berger","@id":"https:\/\/www.fld-lille.fr\/#\/schema\/person\/9b0e7d1ad46caa9440cbb557ca1c7e44"},"headline":"Service-Learning: education in action","datePublished":"2025-09-08T07:02:45+00:00","dateModified":"2025-09-24T15:03:10+00:00","mainEntityOfPage":{"@id":"https:\/\/www.fld-lille.fr\/en\/service-learning-education-in-action\/"},"wordCount":255,"image":{"@id":"https:\/\/www.fld-lille.fr\/en\/service-learning-education-in-action\/#primaryimage"},"thumbnailUrl":"https:\/\/www.fld-lille.fr\/wp-content\/uploads\/2025\/09\/ACTUS-SITE-FLD-2025-09-08T154512.039-1.png","articleSection":["Lille"],"inLanguage":"en-US"},{"@type":"WebPage","@id":"https:\/\/www.fld-lille.fr\/en\/service-learning-education-in-action\/","url":"https:\/\/www.fld-lille.fr\/en\/service-learning-education-in-action\/","name":"Service-Learning: education in action - Facult\u00e9 de droit","isPartOf":{"@id":"https:\/\/www.fld-lille.fr\/#website"},"primaryImageOfPage":{"@id":"https:\/\/www.fld-lille.fr\/en\/service-learning-education-in-action\/#primaryimage"},"image":{"@id":"https:\/\/www.fld-lille.fr\/en\/service-learning-education-in-action\/#primaryimage"},"thumbnailUrl":"https:\/\/www.fld-lille.fr\/wp-content\/uploads\/2025\/09\/ACTUS-SITE-FLD-2025-09-08T154512.039-1.png","datePublished":"2025-09-08T07:02:45+00:00","dateModified":"2025-09-24T15:03:10+00:00","author":{"@id":"https:\/\/www.fld-lille.fr\/#\/schema\/person\/9b0e7d1ad46caa9440cbb557ca1c7e44"},"description":"On Friday 12 September, from 1 p.m. to 5 p.m., the Universit\u00e9 Catholique de Lille will host the first Service-Learning Festival at Campus WENOV (FGES, 1st floor, rooms WE B 139-144, 177 all\u00e9e Cl\u00e9mentine Deman, Lille).","breadcrumb":{"@id":"https:\/\/www.fld-lille.fr\/en\/service-learning-education-in-action\/#breadcrumb"},"inLanguage":"en-US","potentialAction":[{"@type":"ReadAction","target":["https:\/\/www.fld-lille.fr\/en\/service-learning-education-in-action\/"]}]},{"@type":"ImageObject","inLanguage":"en-US","@id":"https:\/\/www.fld-lille.fr\/en\/service-learning-education-in-action\/#primaryimage","url":"https:\/\/www.fld-lille.fr\/wp-content\/uploads\/2025\/09\/ACTUS-SITE-FLD-2025-09-08T154512.039-1.png","contentUrl":"https:\/\/www.fld-lille.fr\/wp-content\/uploads\/2025\/09\/ACTUS-SITE-FLD-2025-09-08T154512.039-1.png","width":1172,"height":619},{"@type":"BreadcrumbList","@id":"https:\/\/www.fld-lille.fr\/en\/service-learning-education-in-action\/#breadcrumb","itemListElement":[{"@type":"ListItem","position":1,"name":"Accueil","item":"https:\/\/www.fld-lille.fr\/en\/"},{"@type":"ListItem","position":2,"name":"Service-Learning: education in action"}]},{"@type":"WebSite","@id":"https:\/\/www.fld-lille.fr\/#website","url":"https:\/\/www.fld-lille.fr\/","name":"Facult\u00e9 de droit","description":"Les facult\u00e9s de l&#039;Universit\u00e9 Catholique de Lille","potentialAction":[{"@type":"SearchAction","target":{"@type":"EntryPoint","urlTemplate":"https:\/\/www.fld-lille.fr\/?s={search_term_string}"},"query-input":{"@type":"PropertyValueSpecification","valueRequired":true,"valueName":"search_term_string"}}],"inLanguage":"en-US"},{"@type":"Person","@id":"https:\/\/www.fld-lille.fr\/#\/schema\/person\/9b0e7d1ad46caa9440cbb557ca1c7e44","name":"Marion Berger","url":"https:\/\/www.fld-lille.fr\/en\/author\/mberger\/"}]}},"_links":{"self":[{"href":"https:\/\/www.fld-lille.fr\/en\/wp-json\/wp\/v2\/posts\/33286","targetHints":{"allow":["GET"]}}],"collection":[{"href":"https:\/\/www.fld-lille.fr\/en\/wp-json\/wp\/v2\/posts"}],"about":[{"href":"https:\/\/www.fld-lille.fr\/en\/wp-json\/wp\/v2\/types\/post"}],"author":[{"embeddable":true,"href":"https:\/\/www.fld-lille.fr\/en\/wp-json\/wp\/v2\/users\/41"}],"replies":[{"embeddable":true,"href":"https:\/\/www.fld-lille.fr\/en\/wp-json\/wp\/v2\/comments?post=33286"}],"version-history":[{"count":2,"href":"https:\/\/www.fld-lille.fr\/en\/wp-json\/wp\/v2\/posts\/33286\/revisions"}],"predecessor-version":[{"id":33290,"href":"https:\/\/www.fld-lille.fr\/en\/wp-json\/wp\/v2\/posts\/33286\/revisions\/33290"}],"wp:featuredmedia":[{"embeddable":true,"href":"https:\/\/www.fld-lille.fr\/en\/wp-json\/wp\/v2\/media\/32962"}],"wp:attachment":[{"href":"https:\/\/www.fld-lille.fr\/en\/wp-json\/wp\/v2\/media?parent=33286"}],"wp:term":[{"taxonomy":"category","embeddable":true,"href":"https:\/\/www.fld-lille.fr\/en\/wp-json\/wp\/v2\/categories?post=33286"},{"taxonomy":"post_tag","embeddable":true,"href":"https:\/\/www.fld-lille.fr\/en\/wp-json\/wp\/v2\/tags?post=33286"}],"curies":[{"name":"wp","href":"https:\/\/api.w.org\/{rel}","templated":true}]}}