{"id":32775,"date":"2025-08-01T07:27:18","date_gmt":"2025-08-01T06:27:18","guid":{"rendered":"https:\/\/www.fld-lille.fr\/?p=32775"},"modified":"2025-07-22T14:27:36","modified_gmt":"2025-07-22T13:27:36","slug":"an-international-outlook","status":"publish","type":"post","link":"https:\/\/www.fld-lille.fr\/en\/an-international-outlook\/","title":{"rendered":"An international outlook"},"content":{"rendered":"<p>At the <a href=\"https:\/\/www.fld-lille.fr\/en\/\" target=\"_blank\" rel=\"noopener\"><strong>Faculty of Law of the Universit\u00e9 Catholique de Lille<\/strong><\/a>, <strong>internationalism is not just an asset: it&#8217;s a commitment<\/strong>. Convinced that <strong>today&#8217;s legal challenges transcend borders<\/strong>, we train legal professionals capable of thinking and acting on a <strong>European and global scale<\/strong>.<\/p>\n<h3><span style=\"color: #ff0000;\"><strong>Internationally-oriented programmes<\/strong><\/span><\/h3>\n<p>From <strong>undergraduate level<\/strong>, our students can enrol in <strong>bilingual or trilingual courses<\/strong>. This international focus continues at <strong>Master&#8217;s level<\/strong>, with programmes designed to address global legal challenges and <strong>double degrees<\/strong> developed with <strong>partner universities<\/strong> and <strong>schools across all continents<\/strong>.<\/p>\n<p>This <strong>linguistic, cultural and academic openness<\/strong> prepares our graduates for <strong>careers abroad<\/strong>, whether in <strong>European institutions<\/strong>, <strong>NGOs<\/strong> or <strong>leading international law firms and companies<\/strong>.<\/p>\n<h3><span style=\"color: #ff0000;\"><strong>Mobility and cooperation\u00a0<\/strong><\/span><\/h3>\n<p>Our students have the opportunity to <strong>spend a semester or a full year studying at one of our many partner universities in Europe and beyond<\/strong>, through <strong>Erasmus<\/strong> or <strong>bilateral agreements<\/strong>, paving the way for legal careers abroad. Some of our <strong>Alumni<\/strong>, for instance, have been admitted to the <a href=\"https:\/\/www.fld-lille.fr\/en\/our-alumni-admitted-to-the-new-york-and-california-bars\/\" target=\"_blank\" rel=\"noopener\"><strong>New York and California Bars<\/strong><\/a>.<\/p>\n<p>At the same time, the <strong>Faculty of Law<\/strong> <strong>welcomes many international students every year<\/strong>. They benefit from <strong>personalised support upon arrival<\/strong>, including <strong>welcome days<\/strong>, <strong>help with administrative formalities<\/strong>, <strong>university integration<\/strong> and <strong>discovery of local life<\/strong>.<\/p>\n<h3><span style=\"color: #ff0000;\"><strong>Key figures<\/strong><\/span><\/h3>\n<ul>\n<li>Around <strong>100 students on exchange per year<\/strong><\/li>\n<li><strong>18 nationalities<\/strong> on our two campuses<\/li>\n<li>Over <strong>40 Erasmus partnerships<\/strong><\/li>\n<li><strong>145 global or bilateral agreements<\/strong><\/li>\n<\/ul>\n<h3><span style=\"color: #ff0000;\"><strong>A vibrant academic life<\/strong><\/span><\/h3>\n<p><strong>Bilingual conferences<\/strong> and <strong>symposiums<\/strong>, <strong>joint courses with lecturers from partner universities, themed events, visits to landmark institutions<\/strong>&#8230; Throughout the year, the Faculty offers a <strong>dynamic international programme<\/strong>. These include the <a href=\"https:\/\/www.fld-lille.fr\/en\/fuce-summer-school-30-june-4-july-2025\/\" target=\"_blank\" rel=\"noopener\"><strong>FUCE Summer School<\/strong><\/a> (European Federation of Catholic Universities), the <strong><a href=\"https:\/\/www.fld-lille.fr\/en\/25th-edition-of-the-european-summer-program\/\">European Summer Program<\/a><\/strong> and the <a href=\"https:\/\/www.c3rd.fr\/evenement\/masterclass-2025-global-actors-for-peace-securing-democracy\/\"><strong>Masterclass &#8216;Global Actors for Peace&#8217;<\/strong><\/a> (organised by the<strong> C3RD<\/strong>), bringing together <strong>speakers from all over the world<\/strong>.<\/p>\n<p>Our <strong>civic and educational projects<\/strong>, including <strong>Service-Learning<\/strong> initiatives, are also <strong>internationally recognised<\/strong>, as shown by the <a href=\"https:\/\/www.fld-lille.fr\/en\/uniservitate-2025-conference-service-learning-at-ku-leuven\/\"><strong>distinction awarded to the Bus de l&#8217;Acc\u00e8s au Droit during the 2024 Uniservitate Awards<\/strong><\/a>.<\/p>\n<h3><span style=\"color: #ff0000;\"><strong>International students: how to apply?<\/strong><\/span><\/h3>\n<p><strong>Would you like to join our Faculty as an international student?<\/strong> Depending on your country of residence or nationality, you may be required to follow the <strong>Campus France &#8211; &#8216;\u00c9tudes en France&#8217; application procedure<\/strong>.<\/p>\n<p style=\"text-align: center;\"><a class=\"button-secondary\" href=\"https:\/\/www.fld-lille.fr\/en\/campus-france-etudes-en-france-procedure\/\"><strong>CONSULT THE PROCEDURE<\/strong><\/a><\/p>\n","protected":false},"excerpt":{"rendered":"<p>At the Faculty of Law of the Universit\u00e9 Catholique de Lille, internationalism is not just an asset: it&#8217;s a commitment. Convinced that today&#8217;s legal challenges transcend borders, we train legal professionals capable of thinking and acting on a European and global scale. Internationally-oriented programmes From undergraduate level, our students can enrol in bilingual or trilingual [&hellip;]<\/p>\n","protected":false},"author":41,"featured_media":32626,"comment_status":"closed","ping_status":"open","sticky":false,"template":"","format":"standard","meta":{"_acf_changed":false,"footnotes":""},"categories":[722],"tags":[],"class_list":["post-32775","post","type-post","status-publish","format-standard","has-post-thumbnail","hentry","category-international-en"],"acf":[],"yoast_head":"<!-- This site is optimized with the Yoast SEO plugin v27.4 - https:\/\/yoast.com\/product\/yoast-seo-wordpress\/ -->\n<title>An international outlook - Facult\u00e9 de droit<\/title>\n<meta name=\"description\" content=\"At the Faculty of Law of the Universit\u00e9 Catholique de Lille, internationalism is not just an asset: it&#039;s a commitment.\" \/>\n<meta name=\"robots\" content=\"index, follow, max-snippet:-1, max-image-preview:large, max-video-preview:-1\" \/>\n<link rel=\"canonical\" href=\"https:\/\/www.fld-lille.fr\/en\/an-international-outlook\/\" \/>\n<meta property=\"og:locale\" content=\"en_US\" \/>\n<meta property=\"og:type\" content=\"article\" \/>\n<meta property=\"og:title\" content=\"An international outlook - Facult\u00e9 de droit\" \/>\n<meta property=\"og:description\" content=\"At the Faculty of Law of the Universit\u00e9 Catholique de Lille, internationalism is not just an asset: it&#039;s a commitment.\" \/>\n<meta property=\"og:url\" content=\"https:\/\/www.fld-lille.fr\/en\/an-international-outlook\/\" \/>\n<meta property=\"og:site_name\" content=\"Facult\u00e9 de droit\" \/>\n<meta property=\"article:publisher\" content=\"https:\/\/www.facebook.com\/FLDLilleParis\/\" \/>\n<meta property=\"article:published_time\" content=\"2025-08-01T06:27:18+00:00\" \/>\n<meta property=\"og:image\" content=\"https:\/\/www.fld-lille.fr\/wp-content\/uploads\/2025\/07\/ACTUS-SITE-FLD-2025-07-08T155929.340.png\" \/>\n\t<meta property=\"og:image:width\" content=\"1172\" \/>\n\t<meta property=\"og:image:height\" content=\"619\" \/>\n\t<meta property=\"og:image:type\" content=\"image\/png\" \/>\n<meta name=\"author\" content=\"Marion Berger\" \/>\n<meta name=\"twitter:card\" content=\"summary_large_image\" \/>\n<meta name=\"twitter:label1\" content=\"Written by\" \/>\n\t<meta name=\"twitter:data1\" content=\"Marion Berger\" \/>\n\t<meta name=\"twitter:label2\" content=\"Est. reading time\" \/>\n\t<meta name=\"twitter:data2\" content=\"3 minutes\" \/>\n<script type=\"application\/ld+json\" class=\"yoast-schema-graph\">{\"@context\":\"https:\\\/\\\/schema.org\",\"@graph\":[{\"@type\":\"Article\",\"@id\":\"https:\\\/\\\/www.fld-lille.fr\\\/en\\\/an-international-outlook\\\/#article\",\"isPartOf\":{\"@id\":\"https:\\\/\\\/www.fld-lille.fr\\\/en\\\/an-international-outlook\\\/\"},\"author\":{\"name\":\"Marion Berger\",\"@id\":\"https:\\\/\\\/www.fld-lille.fr\\\/#\\\/schema\\\/person\\\/9b0e7d1ad46caa9440cbb557ca1c7e44\"},\"headline\":\"An international outlook\",\"datePublished\":\"2025-08-01T06:27:18+00:00\",\"mainEntityOfPage\":{\"@id\":\"https:\\\/\\\/www.fld-lille.fr\\\/en\\\/an-international-outlook\\\/\"},\"wordCount\":363,\"image\":{\"@id\":\"https:\\\/\\\/www.fld-lille.fr\\\/en\\\/an-international-outlook\\\/#primaryimage\"},\"thumbnailUrl\":\"https:\\\/\\\/www.fld-lille.fr\\\/wp-content\\\/uploads\\\/2025\\\/07\\\/ACTUS-SITE-FLD-2025-07-08T155929.340.png\",\"articleSection\":[\"International\"],\"inLanguage\":\"en-US\"},{\"@type\":\"WebPage\",\"@id\":\"https:\\\/\\\/www.fld-lille.fr\\\/en\\\/an-international-outlook\\\/\",\"url\":\"https:\\\/\\\/www.fld-lille.fr\\\/en\\\/an-international-outlook\\\/\",\"name\":\"An international outlook - Facult\u00e9 de droit\",\"isPartOf\":{\"@id\":\"https:\\\/\\\/www.fld-lille.fr\\\/#website\"},\"primaryImageOfPage\":{\"@id\":\"https:\\\/\\\/www.fld-lille.fr\\\/en\\\/an-international-outlook\\\/#primaryimage\"},\"image\":{\"@id\":\"https:\\\/\\\/www.fld-lille.fr\\\/en\\\/an-international-outlook\\\/#primaryimage\"},\"thumbnailUrl\":\"https:\\\/\\\/www.fld-lille.fr\\\/wp-content\\\/uploads\\\/2025\\\/07\\\/ACTUS-SITE-FLD-2025-07-08T155929.340.png\",\"datePublished\":\"2025-08-01T06:27:18+00:00\",\"author\":{\"@id\":\"https:\\\/\\\/www.fld-lille.fr\\\/#\\\/schema\\\/person\\\/9b0e7d1ad46caa9440cbb557ca1c7e44\"},\"description\":\"At the Faculty of Law of the Universit\u00e9 Catholique de Lille, internationalism is not just an asset: it's a commitment.\",\"breadcrumb\":{\"@id\":\"https:\\\/\\\/www.fld-lille.fr\\\/en\\\/an-international-outlook\\\/#breadcrumb\"},\"inLanguage\":\"en-US\",\"potentialAction\":[{\"@type\":\"ReadAction\",\"target\":[\"https:\\\/\\\/www.fld-lille.fr\\\/en\\\/an-international-outlook\\\/\"]}]},{\"@type\":\"ImageObject\",\"inLanguage\":\"en-US\",\"@id\":\"https:\\\/\\\/www.fld-lille.fr\\\/en\\\/an-international-outlook\\\/#primaryimage\",\"url\":\"https:\\\/\\\/www.fld-lille.fr\\\/wp-content\\\/uploads\\\/2025\\\/07\\\/ACTUS-SITE-FLD-2025-07-08T155929.340.png\",\"contentUrl\":\"https:\\\/\\\/www.fld-lille.fr\\\/wp-content\\\/uploads\\\/2025\\\/07\\\/ACTUS-SITE-FLD-2025-07-08T155929.340.png\",\"width\":1172,\"height\":619},{\"@type\":\"BreadcrumbList\",\"@id\":\"https:\\\/\\\/www.fld-lille.fr\\\/en\\\/an-international-outlook\\\/#breadcrumb\",\"itemListElement\":[{\"@type\":\"ListItem\",\"position\":1,\"name\":\"Accueil\",\"item\":\"https:\\\/\\\/www.fld-lille.fr\\\/en\\\/\"},{\"@type\":\"ListItem\",\"position\":2,\"name\":\"An international outlook\"}]},{\"@type\":\"WebSite\",\"@id\":\"https:\\\/\\\/www.fld-lille.fr\\\/#website\",\"url\":\"https:\\\/\\\/www.fld-lille.fr\\\/\",\"name\":\"Facult\u00e9 de droit\",\"description\":\"Les facult\u00e9s de l&#039;Universit\u00e9 Catholique de Lille\",\"potentialAction\":[{\"@type\":\"SearchAction\",\"target\":{\"@type\":\"EntryPoint\",\"urlTemplate\":\"https:\\\/\\\/www.fld-lille.fr\\\/?s={search_term_string}\"},\"query-input\":{\"@type\":\"PropertyValueSpecification\",\"valueRequired\":true,\"valueName\":\"search_term_string\"}}],\"inLanguage\":\"en-US\"},{\"@type\":\"Person\",\"@id\":\"https:\\\/\\\/www.fld-lille.fr\\\/#\\\/schema\\\/person\\\/9b0e7d1ad46caa9440cbb557ca1c7e44\",\"name\":\"Marion Berger\",\"url\":\"https:\\\/\\\/www.fld-lille.fr\\\/en\\\/author\\\/mberger\\\/\"}]}<\/script>\n<!-- \/ Yoast SEO plugin. -->","yoast_head_json":{"title":"An international outlook - Facult\u00e9 de droit","description":"At the Faculty of Law of the Universit\u00e9 Catholique de Lille, internationalism is not just an asset: it's a commitment.","robots":{"index":"index","follow":"follow","max-snippet":"max-snippet:-1","max-image-preview":"max-image-preview:large","max-video-preview":"max-video-preview:-1"},"canonical":"https:\/\/www.fld-lille.fr\/en\/an-international-outlook\/","og_locale":"en_US","og_type":"article","og_title":"An international outlook - Facult\u00e9 de droit","og_description":"At the Faculty of Law of the Universit\u00e9 Catholique de Lille, internationalism is not just an asset: it's a commitment.","og_url":"https:\/\/www.fld-lille.fr\/en\/an-international-outlook\/","og_site_name":"Facult\u00e9 de droit","article_publisher":"https:\/\/www.facebook.com\/FLDLilleParis\/","article_published_time":"2025-08-01T06:27:18+00:00","og_image":[{"width":1172,"height":619,"url":"https:\/\/www.fld-lille.fr\/wp-content\/uploads\/2025\/07\/ACTUS-SITE-FLD-2025-07-08T155929.340.png","type":"image\/png"}],"author":"Marion Berger","twitter_card":"summary_large_image","twitter_misc":{"Written by":"Marion Berger","Est. reading time":"3 minutes"},"schema":{"@context":"https:\/\/schema.org","@graph":[{"@type":"Article","@id":"https:\/\/www.fld-lille.fr\/en\/an-international-outlook\/#article","isPartOf":{"@id":"https:\/\/www.fld-lille.fr\/en\/an-international-outlook\/"},"author":{"name":"Marion Berger","@id":"https:\/\/www.fld-lille.fr\/#\/schema\/person\/9b0e7d1ad46caa9440cbb557ca1c7e44"},"headline":"An international outlook","datePublished":"2025-08-01T06:27:18+00:00","mainEntityOfPage":{"@id":"https:\/\/www.fld-lille.fr\/en\/an-international-outlook\/"},"wordCount":363,"image":{"@id":"https:\/\/www.fld-lille.fr\/en\/an-international-outlook\/#primaryimage"},"thumbnailUrl":"https:\/\/www.fld-lille.fr\/wp-content\/uploads\/2025\/07\/ACTUS-SITE-FLD-2025-07-08T155929.340.png","articleSection":["International"],"inLanguage":"en-US"},{"@type":"WebPage","@id":"https:\/\/www.fld-lille.fr\/en\/an-international-outlook\/","url":"https:\/\/www.fld-lille.fr\/en\/an-international-outlook\/","name":"An international outlook - Facult\u00e9 de droit","isPartOf":{"@id":"https:\/\/www.fld-lille.fr\/#website"},"primaryImageOfPage":{"@id":"https:\/\/www.fld-lille.fr\/en\/an-international-outlook\/#primaryimage"},"image":{"@id":"https:\/\/www.fld-lille.fr\/en\/an-international-outlook\/#primaryimage"},"thumbnailUrl":"https:\/\/www.fld-lille.fr\/wp-content\/uploads\/2025\/07\/ACTUS-SITE-FLD-2025-07-08T155929.340.png","datePublished":"2025-08-01T06:27:18+00:00","author":{"@id":"https:\/\/www.fld-lille.fr\/#\/schema\/person\/9b0e7d1ad46caa9440cbb557ca1c7e44"},"description":"At the Faculty of Law of the Universit\u00e9 Catholique de Lille, internationalism is not just an asset: it's a commitment.","breadcrumb":{"@id":"https:\/\/www.fld-lille.fr\/en\/an-international-outlook\/#breadcrumb"},"inLanguage":"en-US","potentialAction":[{"@type":"ReadAction","target":["https:\/\/www.fld-lille.fr\/en\/an-international-outlook\/"]}]},{"@type":"ImageObject","inLanguage":"en-US","@id":"https:\/\/www.fld-lille.fr\/en\/an-international-outlook\/#primaryimage","url":"https:\/\/www.fld-lille.fr\/wp-content\/uploads\/2025\/07\/ACTUS-SITE-FLD-2025-07-08T155929.340.png","contentUrl":"https:\/\/www.fld-lille.fr\/wp-content\/uploads\/2025\/07\/ACTUS-SITE-FLD-2025-07-08T155929.340.png","width":1172,"height":619},{"@type":"BreadcrumbList","@id":"https:\/\/www.fld-lille.fr\/en\/an-international-outlook\/#breadcrumb","itemListElement":[{"@type":"ListItem","position":1,"name":"Accueil","item":"https:\/\/www.fld-lille.fr\/en\/"},{"@type":"ListItem","position":2,"name":"An international outlook"}]},{"@type":"WebSite","@id":"https:\/\/www.fld-lille.fr\/#website","url":"https:\/\/www.fld-lille.fr\/","name":"Facult\u00e9 de droit","description":"Les facult\u00e9s de l&#039;Universit\u00e9 Catholique de Lille","potentialAction":[{"@type":"SearchAction","target":{"@type":"EntryPoint","urlTemplate":"https:\/\/www.fld-lille.fr\/?s={search_term_string}"},"query-input":{"@type":"PropertyValueSpecification","valueRequired":true,"valueName":"search_term_string"}}],"inLanguage":"en-US"},{"@type":"Person","@id":"https:\/\/www.fld-lille.fr\/#\/schema\/person\/9b0e7d1ad46caa9440cbb557ca1c7e44","name":"Marion Berger","url":"https:\/\/www.fld-lille.fr\/en\/author\/mberger\/"}]}},"_links":{"self":[{"href":"https:\/\/www.fld-lille.fr\/en\/wp-json\/wp\/v2\/posts\/32775","targetHints":{"allow":["GET"]}}],"collection":[{"href":"https:\/\/www.fld-lille.fr\/en\/wp-json\/wp\/v2\/posts"}],"about":[{"href":"https:\/\/www.fld-lille.fr\/en\/wp-json\/wp\/v2\/types\/post"}],"author":[{"embeddable":true,"href":"https:\/\/www.fld-lille.fr\/en\/wp-json\/wp\/v2\/users\/41"}],"replies":[{"embeddable":true,"href":"https:\/\/www.fld-lille.fr\/en\/wp-json\/wp\/v2\/comments?post=32775"}],"version-history":[{"count":11,"href":"https:\/\/www.fld-lille.fr\/en\/wp-json\/wp\/v2\/posts\/32775\/revisions"}],"predecessor-version":[{"id":32786,"href":"https:\/\/www.fld-lille.fr\/en\/wp-json\/wp\/v2\/posts\/32775\/revisions\/32786"}],"wp:featuredmedia":[{"embeddable":true,"href":"https:\/\/www.fld-lille.fr\/en\/wp-json\/wp\/v2\/media\/32626"}],"wp:attachment":[{"href":"https:\/\/www.fld-lille.fr\/en\/wp-json\/wp\/v2\/media?parent=32775"}],"wp:term":[{"taxonomy":"category","embeddable":true,"href":"https:\/\/www.fld-lille.fr\/en\/wp-json\/wp\/v2\/categories?post=32775"},{"taxonomy":"post_tag","embeddable":true,"href":"https:\/\/www.fld-lille.fr\/en\/wp-json\/wp\/v2\/tags?post=32775"}],"curies":[{"name":"wp","href":"https:\/\/api.w.org\/{rel}","templated":true}]}}