{"id":32759,"date":"2025-07-25T07:09:50","date_gmt":"2025-07-25T06:09:50","guid":{"rendered":"https:\/\/www.fld-lille.fr\/?p=32759"},"modified":"2025-07-25T08:15:40","modified_gmt":"2025-07-25T07:15:40","slug":"summer-closure-2025","status":"publish","type":"post","link":"https:\/\/www.fld-lille.fr\/en\/summer-closure-2025\/","title":{"rendered":"Summer closure 2025"},"content":{"rendered":"<p><strong>The Faculty of Law of the Universit\u00e9 Catholique de Lille will be closed for the summer break from 25 July to 17 August 2025.<\/strong><\/p>\n<p>The Student Affairs Office (Service de Gestion des Affaires Etudiantes) will be closed from 4 to 10 August 2025. In the meantime, you can contact them by email: <span style=\"color: #800000;\">inscriptions@univ-catholille.fr.<\/span><\/p>\n<p><strong>Joining the FLD in September?<\/strong> Here&#8217;s a <a href=\"https:\/\/www.fld-lille.fr\/un-peu-de-lecture-pour-preparer-la-rentree\/\" target=\"_blank\" rel=\"noopener\"><strong>list of French comics<\/strong><\/a> to read this summer to get you ready!<\/p>\n<p>Until we have the pleasure of welcoming you back in a few weeks, we wish you all a wonderful holiday.<\/p>\n<p><em><strong>Make the most of it!<\/strong><\/em><\/p>\n","protected":false},"excerpt":{"rendered":"<p>The Faculty of Law of the Universit\u00e9 Catholique de Lille will be closed for the summer break from 25 July to 17 August 2025. The Student Affairs Office (Service de Gestion des Affaires Etudiantes) will be closed from 4 to 10 August 2025. In the meantime, you can contact them by email: inscriptions@univ-catholille.fr. Joining the [&hellip;]<\/p>\n","protected":false},"author":41,"featured_media":28122,"comment_status":"closed","ping_status":"open","sticky":false,"template":"","format":"standard","meta":{"_acf_changed":false,"footnotes":""},"categories":[722],"tags":[],"class_list":["post-32759","post","type-post","status-publish","format-standard","has-post-thumbnail","hentry","category-international-en"],"acf":[],"yoast_head":"<!-- This site is optimized with the Yoast SEO plugin v27.4 - https:\/\/yoast.com\/product\/yoast-seo-wordpress\/ -->\n<title>Summer closure 2025 - Facult\u00e9 de droit<\/title>\n<meta name=\"description\" content=\"The Faculty of Law of the Universit\u00e9 Catholique de Lille will be closed for the summer break from 25 July to 18 August 2025.\" \/>\n<meta name=\"robots\" content=\"index, follow, max-snippet:-1, max-image-preview:large, max-video-preview:-1\" \/>\n<link rel=\"canonical\" href=\"https:\/\/www.fld-lille.fr\/en\/summer-closure-2025\/\" \/>\n<meta property=\"og:locale\" content=\"en_US\" \/>\n<meta property=\"og:type\" content=\"article\" \/>\n<meta property=\"og:title\" content=\"Summer closure 2025 - Facult\u00e9 de droit\" \/>\n<meta property=\"og:description\" content=\"The Faculty of Law of the Universit\u00e9 Catholique de Lille will be closed for the summer break from 25 July to 18 August 2025.\" \/>\n<meta property=\"og:url\" content=\"https:\/\/www.fld-lille.fr\/en\/summer-closure-2025\/\" \/>\n<meta property=\"og:site_name\" content=\"Facult\u00e9 de droit\" \/>\n<meta property=\"article:publisher\" content=\"https:\/\/www.facebook.com\/FLDLilleParis\/\" \/>\n<meta property=\"article:published_time\" content=\"2025-07-25T06:09:50+00:00\" \/>\n<meta property=\"article:modified_time\" content=\"2025-07-25T07:15:40+00:00\" \/>\n<meta property=\"og:image\" content=\"https:\/\/www.fld-lille.fr\/wp-content\/uploads\/2024\/07\/Capture-decran-2024-07-12-152444.png\" \/>\n\t<meta property=\"og:image:width\" content=\"1348\" \/>\n\t<meta property=\"og:image:height\" content=\"893\" \/>\n\t<meta property=\"og:image:type\" content=\"image\/png\" \/>\n<meta name=\"author\" content=\"Marion Berger\" \/>\n<meta name=\"twitter:card\" content=\"summary_large_image\" \/>\n<meta name=\"twitter:label1\" content=\"Written by\" \/>\n\t<meta name=\"twitter:data1\" content=\"Marion Berger\" \/>\n\t<meta name=\"twitter:label2\" content=\"Est. reading time\" \/>\n\t<meta name=\"twitter:data2\" content=\"1 minute\" \/>\n<script type=\"application\/ld+json\" class=\"yoast-schema-graph\">{\"@context\":\"https:\\\/\\\/schema.org\",\"@graph\":[{\"@type\":\"Article\",\"@id\":\"https:\\\/\\\/www.fld-lille.fr\\\/en\\\/summer-closure-2025\\\/#article\",\"isPartOf\":{\"@id\":\"https:\\\/\\\/www.fld-lille.fr\\\/en\\\/summer-closure-2025\\\/\"},\"author\":{\"name\":\"Marion Berger\",\"@id\":\"https:\\\/\\\/www.fld-lille.fr\\\/#\\\/schema\\\/person\\\/9b0e7d1ad46caa9440cbb557ca1c7e44\"},\"headline\":\"Summer closure 2025\",\"datePublished\":\"2025-07-25T06:09:50+00:00\",\"dateModified\":\"2025-07-25T07:15:40+00:00\",\"mainEntityOfPage\":{\"@id\":\"https:\\\/\\\/www.fld-lille.fr\\\/en\\\/summer-closure-2025\\\/\"},\"wordCount\":96,\"image\":{\"@id\":\"https:\\\/\\\/www.fld-lille.fr\\\/en\\\/summer-closure-2025\\\/#primaryimage\"},\"thumbnailUrl\":\"https:\\\/\\\/www.fld-lille.fr\\\/wp-content\\\/uploads\\\/2024\\\/07\\\/Capture-decran-2024-07-12-152444.png\",\"articleSection\":[\"International\"],\"inLanguage\":\"en-US\"},{\"@type\":\"WebPage\",\"@id\":\"https:\\\/\\\/www.fld-lille.fr\\\/en\\\/summer-closure-2025\\\/\",\"url\":\"https:\\\/\\\/www.fld-lille.fr\\\/en\\\/summer-closure-2025\\\/\",\"name\":\"Summer closure 2025 - Facult\u00e9 de droit\",\"isPartOf\":{\"@id\":\"https:\\\/\\\/www.fld-lille.fr\\\/#website\"},\"primaryImageOfPage\":{\"@id\":\"https:\\\/\\\/www.fld-lille.fr\\\/en\\\/summer-closure-2025\\\/#primaryimage\"},\"image\":{\"@id\":\"https:\\\/\\\/www.fld-lille.fr\\\/en\\\/summer-closure-2025\\\/#primaryimage\"},\"thumbnailUrl\":\"https:\\\/\\\/www.fld-lille.fr\\\/wp-content\\\/uploads\\\/2024\\\/07\\\/Capture-decran-2024-07-12-152444.png\",\"datePublished\":\"2025-07-25T06:09:50+00:00\",\"dateModified\":\"2025-07-25T07:15:40+00:00\",\"author\":{\"@id\":\"https:\\\/\\\/www.fld-lille.fr\\\/#\\\/schema\\\/person\\\/9b0e7d1ad46caa9440cbb557ca1c7e44\"},\"description\":\"The Faculty of Law of the Universit\u00e9 Catholique de Lille will be closed for the summer break from 25 July to 18 August 2025.\",\"breadcrumb\":{\"@id\":\"https:\\\/\\\/www.fld-lille.fr\\\/en\\\/summer-closure-2025\\\/#breadcrumb\"},\"inLanguage\":\"en-US\",\"potentialAction\":[{\"@type\":\"ReadAction\",\"target\":[\"https:\\\/\\\/www.fld-lille.fr\\\/en\\\/summer-closure-2025\\\/\"]}]},{\"@type\":\"ImageObject\",\"inLanguage\":\"en-US\",\"@id\":\"https:\\\/\\\/www.fld-lille.fr\\\/en\\\/summer-closure-2025\\\/#primaryimage\",\"url\":\"https:\\\/\\\/www.fld-lille.fr\\\/wp-content\\\/uploads\\\/2024\\\/07\\\/Capture-decran-2024-07-12-152444.png\",\"contentUrl\":\"https:\\\/\\\/www.fld-lille.fr\\\/wp-content\\\/uploads\\\/2024\\\/07\\\/Capture-decran-2024-07-12-152444.png\",\"width\":1348,\"height\":893},{\"@type\":\"BreadcrumbList\",\"@id\":\"https:\\\/\\\/www.fld-lille.fr\\\/en\\\/summer-closure-2025\\\/#breadcrumb\",\"itemListElement\":[{\"@type\":\"ListItem\",\"position\":1,\"name\":\"Accueil\",\"item\":\"https:\\\/\\\/www.fld-lille.fr\\\/en\\\/\"},{\"@type\":\"ListItem\",\"position\":2,\"name\":\"Summer closure 2025\"}]},{\"@type\":\"WebSite\",\"@id\":\"https:\\\/\\\/www.fld-lille.fr\\\/#website\",\"url\":\"https:\\\/\\\/www.fld-lille.fr\\\/\",\"name\":\"Facult\u00e9 de droit\",\"description\":\"Les facult\u00e9s de l&#039;Universit\u00e9 Catholique de Lille\",\"potentialAction\":[{\"@type\":\"SearchAction\",\"target\":{\"@type\":\"EntryPoint\",\"urlTemplate\":\"https:\\\/\\\/www.fld-lille.fr\\\/?s={search_term_string}\"},\"query-input\":{\"@type\":\"PropertyValueSpecification\",\"valueRequired\":true,\"valueName\":\"search_term_string\"}}],\"inLanguage\":\"en-US\"},{\"@type\":\"Person\",\"@id\":\"https:\\\/\\\/www.fld-lille.fr\\\/#\\\/schema\\\/person\\\/9b0e7d1ad46caa9440cbb557ca1c7e44\",\"name\":\"Marion Berger\",\"url\":\"https:\\\/\\\/www.fld-lille.fr\\\/en\\\/author\\\/mberger\\\/\"}]}<\/script>\n<!-- \/ Yoast SEO plugin. -->","yoast_head_json":{"title":"Summer closure 2025 - Facult\u00e9 de droit","description":"The Faculty of Law of the Universit\u00e9 Catholique de Lille will be closed for the summer break from 25 July to 18 August 2025.","robots":{"index":"index","follow":"follow","max-snippet":"max-snippet:-1","max-image-preview":"max-image-preview:large","max-video-preview":"max-video-preview:-1"},"canonical":"https:\/\/www.fld-lille.fr\/en\/summer-closure-2025\/","og_locale":"en_US","og_type":"article","og_title":"Summer closure 2025 - Facult\u00e9 de droit","og_description":"The Faculty of Law of the Universit\u00e9 Catholique de Lille will be closed for the summer break from 25 July to 18 August 2025.","og_url":"https:\/\/www.fld-lille.fr\/en\/summer-closure-2025\/","og_site_name":"Facult\u00e9 de droit","article_publisher":"https:\/\/www.facebook.com\/FLDLilleParis\/","article_published_time":"2025-07-25T06:09:50+00:00","article_modified_time":"2025-07-25T07:15:40+00:00","og_image":[{"width":1348,"height":893,"url":"https:\/\/www.fld-lille.fr\/wp-content\/uploads\/2024\/07\/Capture-decran-2024-07-12-152444.png","type":"image\/png"}],"author":"Marion Berger","twitter_card":"summary_large_image","twitter_misc":{"Written by":"Marion Berger","Est. reading time":"1 minute"},"schema":{"@context":"https:\/\/schema.org","@graph":[{"@type":"Article","@id":"https:\/\/www.fld-lille.fr\/en\/summer-closure-2025\/#article","isPartOf":{"@id":"https:\/\/www.fld-lille.fr\/en\/summer-closure-2025\/"},"author":{"name":"Marion Berger","@id":"https:\/\/www.fld-lille.fr\/#\/schema\/person\/9b0e7d1ad46caa9440cbb557ca1c7e44"},"headline":"Summer closure 2025","datePublished":"2025-07-25T06:09:50+00:00","dateModified":"2025-07-25T07:15:40+00:00","mainEntityOfPage":{"@id":"https:\/\/www.fld-lille.fr\/en\/summer-closure-2025\/"},"wordCount":96,"image":{"@id":"https:\/\/www.fld-lille.fr\/en\/summer-closure-2025\/#primaryimage"},"thumbnailUrl":"https:\/\/www.fld-lille.fr\/wp-content\/uploads\/2024\/07\/Capture-decran-2024-07-12-152444.png","articleSection":["International"],"inLanguage":"en-US"},{"@type":"WebPage","@id":"https:\/\/www.fld-lille.fr\/en\/summer-closure-2025\/","url":"https:\/\/www.fld-lille.fr\/en\/summer-closure-2025\/","name":"Summer closure 2025 - Facult\u00e9 de droit","isPartOf":{"@id":"https:\/\/www.fld-lille.fr\/#website"},"primaryImageOfPage":{"@id":"https:\/\/www.fld-lille.fr\/en\/summer-closure-2025\/#primaryimage"},"image":{"@id":"https:\/\/www.fld-lille.fr\/en\/summer-closure-2025\/#primaryimage"},"thumbnailUrl":"https:\/\/www.fld-lille.fr\/wp-content\/uploads\/2024\/07\/Capture-decran-2024-07-12-152444.png","datePublished":"2025-07-25T06:09:50+00:00","dateModified":"2025-07-25T07:15:40+00:00","author":{"@id":"https:\/\/www.fld-lille.fr\/#\/schema\/person\/9b0e7d1ad46caa9440cbb557ca1c7e44"},"description":"The Faculty of Law of the Universit\u00e9 Catholique de Lille will be closed for the summer break from 25 July to 18 August 2025.","breadcrumb":{"@id":"https:\/\/www.fld-lille.fr\/en\/summer-closure-2025\/#breadcrumb"},"inLanguage":"en-US","potentialAction":[{"@type":"ReadAction","target":["https:\/\/www.fld-lille.fr\/en\/summer-closure-2025\/"]}]},{"@type":"ImageObject","inLanguage":"en-US","@id":"https:\/\/www.fld-lille.fr\/en\/summer-closure-2025\/#primaryimage","url":"https:\/\/www.fld-lille.fr\/wp-content\/uploads\/2024\/07\/Capture-decran-2024-07-12-152444.png","contentUrl":"https:\/\/www.fld-lille.fr\/wp-content\/uploads\/2024\/07\/Capture-decran-2024-07-12-152444.png","width":1348,"height":893},{"@type":"BreadcrumbList","@id":"https:\/\/www.fld-lille.fr\/en\/summer-closure-2025\/#breadcrumb","itemListElement":[{"@type":"ListItem","position":1,"name":"Accueil","item":"https:\/\/www.fld-lille.fr\/en\/"},{"@type":"ListItem","position":2,"name":"Summer closure 2025"}]},{"@type":"WebSite","@id":"https:\/\/www.fld-lille.fr\/#website","url":"https:\/\/www.fld-lille.fr\/","name":"Facult\u00e9 de droit","description":"Les facult\u00e9s de l&#039;Universit\u00e9 Catholique de Lille","potentialAction":[{"@type":"SearchAction","target":{"@type":"EntryPoint","urlTemplate":"https:\/\/www.fld-lille.fr\/?s={search_term_string}"},"query-input":{"@type":"PropertyValueSpecification","valueRequired":true,"valueName":"search_term_string"}}],"inLanguage":"en-US"},{"@type":"Person","@id":"https:\/\/www.fld-lille.fr\/#\/schema\/person\/9b0e7d1ad46caa9440cbb557ca1c7e44","name":"Marion Berger","url":"https:\/\/www.fld-lille.fr\/en\/author\/mberger\/"}]}},"_links":{"self":[{"href":"https:\/\/www.fld-lille.fr\/en\/wp-json\/wp\/v2\/posts\/32759","targetHints":{"allow":["GET"]}}],"collection":[{"href":"https:\/\/www.fld-lille.fr\/en\/wp-json\/wp\/v2\/posts"}],"about":[{"href":"https:\/\/www.fld-lille.fr\/en\/wp-json\/wp\/v2\/types\/post"}],"author":[{"embeddable":true,"href":"https:\/\/www.fld-lille.fr\/en\/wp-json\/wp\/v2\/users\/41"}],"replies":[{"embeddable":true,"href":"https:\/\/www.fld-lille.fr\/en\/wp-json\/wp\/v2\/comments?post=32759"}],"version-history":[{"count":2,"href":"https:\/\/www.fld-lille.fr\/en\/wp-json\/wp\/v2\/posts\/32759\/revisions"}],"predecessor-version":[{"id":32799,"href":"https:\/\/www.fld-lille.fr\/en\/wp-json\/wp\/v2\/posts\/32759\/revisions\/32799"}],"wp:featuredmedia":[{"embeddable":true,"href":"https:\/\/www.fld-lille.fr\/en\/wp-json\/wp\/v2\/media\/28122"}],"wp:attachment":[{"href":"https:\/\/www.fld-lille.fr\/en\/wp-json\/wp\/v2\/media?parent=32759"}],"wp:term":[{"taxonomy":"category","embeddable":true,"href":"https:\/\/www.fld-lille.fr\/en\/wp-json\/wp\/v2\/categories?post=32759"},{"taxonomy":"post_tag","embeddable":true,"href":"https:\/\/www.fld-lille.fr\/en\/wp-json\/wp\/v2\/tags?post=32759"}],"curies":[{"name":"wp","href":"https:\/\/api.w.org\/{rel}","templated":true}]}}