{"id":31442,"date":"2025-05-06T09:35:06","date_gmt":"2025-05-06T08:35:06","guid":{"rendered":"https:\/\/www.fld-lille.fr\/?p=31442"},"modified":"2025-05-06T09:35:06","modified_gmt":"2025-05-06T08:35:06","slug":"celebrating-150-years-a-milestone-day-and-a-triumph-for-the-law-faculty","status":"publish","type":"post","link":"https:\/\/www.fld-lille.fr\/en\/celebrating-150-years-a-milestone-day-and-a-triumph-for-the-law-faculty\/","title":{"rendered":"Celebrating 150 years: a milestone day and a triumph for the Law Faculty"},"content":{"rendered":"<p><strong>Thursday 13 March<\/strong> marked a landmark in the history of the <strong>Universit\u00e9 Catholique de Lille<\/strong>, as it launched its <strong>150th anniversary celebrations<\/strong>. Students, teachers, administrative staff, partners and neighbours came together for an <strong>emotional day of festivities<\/strong>,<strong> artistic performances<\/strong>&#8230; and a <strong>great victory for the Law Faculty<\/strong>!<\/p>\n<p style=\"text-align: center;\"><a href=\"https:\/\/www.fld-lille.fr\/wp-content\/uploads\/2025\/05\/1.png\"><img loading=\"lazy\" decoding=\"async\" class=\"alignnone wp-image-31445\" src=\"https:\/\/www.fld-lille.fr\/wp-content\/uploads\/2025\/05\/1-300x158.png\" alt=\"\" width=\"460\" height=\"242\" srcset=\"https:\/\/www.fld-lille.fr\/wp-content\/uploads\/2025\/05\/1-300x158.png 300w, https:\/\/www.fld-lille.fr\/wp-content\/uploads\/2025\/05\/1-1024x541.png 1024w, https:\/\/www.fld-lille.fr\/wp-content\/uploads\/2025\/05\/1-768x406.png 768w, https:\/\/www.fld-lille.fr\/wp-content\/uploads\/2025\/05\/1.png 1172w\" sizes=\"auto, (max-width: 460px) 100vw, 460px\" \/>\u00a0<\/a><\/p>\n<h3><span style=\"color: #ff0000;\"><strong>Reopening of the Observatory<\/strong><\/span><\/h3>\n<p>The event began with a symbolic moment: the <strong>inauguration of the Astronomical Observatory<\/strong>, which had been <strong>closed for 30 years<\/strong>. This emblematic monument was given <strong>a new lease of life<\/strong>, highlighted by a speech from the <strong>President-Rector, Patrick Scauflaire<\/strong>, followed by a <strong>moving performance of &#8216;My Way&#8217; by Julia<\/strong>, a student from the University, <strong>sung from atop the Observatory<\/strong>. The public experienced this unique moment live on a <strong>giant screen<\/strong>, both in the Atrium of the Michel Falise building and in the garden.<\/p>\n<p style=\"text-align: center;\"><a href=\"https:\/\/www.instagram.com\/reel\/DHJiZWWsZ9d\/?igsh=cDc5Y3ZsbXN6cTdy\" target=\"_blank\" rel=\"noopener\"><img loading=\"lazy\" decoding=\"async\" class=\"alignnone wp-image-31447\" src=\"https:\/\/www.fld-lille.fr\/wp-content\/uploads\/2025\/05\/3-300x159.png\" alt=\"\" width=\"480\" height=\"255\" srcset=\"https:\/\/www.fld-lille.fr\/wp-content\/uploads\/2025\/05\/3-300x159.png 300w, https:\/\/www.fld-lille.fr\/wp-content\/uploads\/2025\/05\/3.png 768w\" sizes=\"auto, (max-width: 480px) 100vw, 480px\" \/><\/a><\/p>\n<h3><span style=\"color: #ff0000;\"><strong>Route 150 and University Cup: a collective spirit<\/strong><\/span><\/h3>\n<p>Afternoon highlights included the <strong>spectacular Route 150<\/strong>, a <strong>race<\/strong> of <strong>original floats<\/strong> <strong>designed by students<\/strong>, <strong>associations<\/strong> and<strong> members of staff<\/strong>. Each float vied in <strong>creativity<\/strong>, combining a spirit of <strong>recycling<\/strong>, detailed <strong>decoration<\/strong> and<strong> fun challenges<\/strong>. The atmosphere on campus was <strong>electric<\/strong>, with supporters gathered in<strong> fan zones<\/strong> and the race <strong>broadcast live<\/strong>.<\/p>\n<p style=\"text-align: center;\"><a href=\"https:\/\/www.fld-lille.fr\/wp-content\/uploads\/2025\/05\/5.png\"><img loading=\"lazy\" decoding=\"async\" class=\"alignnone wp-image-31449\" src=\"https:\/\/www.fld-lille.fr\/wp-content\/uploads\/2025\/05\/5-300x200.png\" alt=\"\" width=\"445\" height=\"296\" srcset=\"https:\/\/www.fld-lille.fr\/wp-content\/uploads\/2025\/05\/5-300x200.png 300w, https:\/\/www.fld-lille.fr\/wp-content\/uploads\/2025\/05\/5.png 768w\" sizes=\"auto, (max-width: 445px) 100vw, 445px\" \/> <\/a><a href=\"https:\/\/www.fld-lille.fr\/wp-content\/uploads\/2025\/05\/4.png\"><img loading=\"lazy\" decoding=\"async\" class=\"alignnone wp-image-31455\" src=\"https:\/\/www.fld-lille.fr\/wp-content\/uploads\/2025\/05\/4-300x200.png\" alt=\"\" width=\"443\" height=\"295\" srcset=\"https:\/\/www.fld-lille.fr\/wp-content\/uploads\/2025\/05\/4-300x200.png 300w, https:\/\/www.fld-lille.fr\/wp-content\/uploads\/2025\/05\/4.png 768w\" sizes=\"auto, (max-width: 443px) 100vw, 443px\" \/><\/a><\/p>\n<p>The tournament formed part of the <strong>University Cup<\/strong>, an <strong>inter-institutional competition<\/strong> organised by the<strong> FEDE<\/strong>, bringing together nearly <strong>1,300 participants<\/strong> and <strong>spectators<\/strong> from around <strong>twenty schools and faculties<\/strong>. At the end of the race, the<strong> Law Faculty came out on top<\/strong>, <strong>proudly winning the trophy at this historic event.<\/strong> The <strong>official prize-giving ceremony<\/strong> took place on <strong>25 April<\/strong>, once again in the presence of the <strong>President-Rector<\/strong>, in a warm atmosphere celebrating <strong>everyone&#8217;s cohesion and involvment<\/strong>.<\/p>\n<p style=\"text-align: center;\"><a href=\"https:\/\/www.fld-lille.fr\/wp-content\/uploads\/2025\/05\/6.png\"><img loading=\"lazy\" decoding=\"async\" class=\"alignnone wp-image-31451\" src=\"https:\/\/www.fld-lille.fr\/wp-content\/uploads\/2025\/05\/6-300x159.png\" alt=\"\" width=\"462\" height=\"245\" srcset=\"https:\/\/www.fld-lille.fr\/wp-content\/uploads\/2025\/05\/6-300x159.png 300w, https:\/\/www.fld-lille.fr\/wp-content\/uploads\/2025\/05\/6.png 768w\" sizes=\"auto, (max-width: 462px) 100vw, 462px\" \/><\/a><\/p>\n<h3><span style=\"color: #ff0000;\"><strong>A festive evening and a year of celebrations<\/strong><\/span><\/h3>\n<p>The day ended on a high note with <em><strong>La Catho by Night<\/strong><\/em>, a <strong>festive evening<\/strong> with <strong>food trucks<\/strong>, <strong>music<\/strong> and a spectacular<strong> firework display<\/strong> lighting up the campus to close this <strong>exceptional event<\/strong>.<\/p>\n<p>The <strong>150th anniversary celebrations<\/strong> have only just begun, with <strong>other events scheduled throughout the year<\/strong>. And from next<strong> September<\/strong>, the <strong>University Cup<\/strong> will return in a <strong>new format<\/strong>, <strong>running throughout the year too<\/strong>.<\/p>\n<p><em><span style=\"color: #ff0000;\"><strong>Congratulations to everyone for their energy, commitment and creativity. Congratulations to our Faculty of Law on this collective victory!<\/strong><\/span><\/em><\/p>\n<p style=\"text-align: center;\"><a href=\"https:\/\/www.fld-lille.fr\/wp-content\/uploads\/2025\/05\/2.png\"><img loading=\"lazy\" decoding=\"async\" class=\"alignnone wp-image-31453\" src=\"https:\/\/www.fld-lille.fr\/wp-content\/uploads\/2025\/05\/2-300x200.png\" alt=\"\" width=\"439\" height=\"292\" srcset=\"https:\/\/www.fld-lille.fr\/wp-content\/uploads\/2025\/05\/2-300x200.png 300w, https:\/\/www.fld-lille.fr\/wp-content\/uploads\/2025\/05\/2.png 768w\" sizes=\"auto, (max-width: 439px) 100vw, 439px\" \/><\/a><\/p>\n","protected":false},"excerpt":{"rendered":"<p>Thursday 13 March marked a landmark in the history of the Universit\u00e9 Catholique de Lille, as it launched its 150th anniversary celebrations. Students, teachers, administrative staff, partners and neighbours came together for an emotional day of festivities, artistic performances&#8230; and a great victory for the Law Faculty! \u00a0 Reopening of the Observatory The event began [&hellip;]<\/p>\n","protected":false},"author":41,"featured_media":31428,"comment_status":"closed","ping_status":"open","sticky":false,"template":"","format":"standard","meta":{"_acf_changed":false,"footnotes":""},"categories":[719],"tags":[],"class_list":["post-31442","post","type-post","status-publish","format-standard","has-post-thumbnail","hentry","category-lille-en"],"acf":[],"yoast_head":"<!-- This site is optimized with the Yoast SEO plugin v27.4 - https:\/\/yoast.com\/product\/yoast-seo-wordpress\/ -->\n<title>Celebrating 150 years: a milestone day and a triumph for the Law Faculty - Facult\u00e9 de droit<\/title>\n<meta name=\"description\" content=\"Thursday 13 March marked a landmark in the history of the Universit\u00e9 Catholique de Lille, as it launched its 150th anniversary celebrations.\" \/>\n<meta name=\"robots\" content=\"index, follow, max-snippet:-1, max-image-preview:large, max-video-preview:-1\" \/>\n<link rel=\"canonical\" href=\"https:\/\/www.fld-lille.fr\/en\/celebrating-150-years-a-milestone-day-and-a-triumph-for-the-law-faculty\/\" \/>\n<meta property=\"og:locale\" content=\"en_US\" \/>\n<meta property=\"og:type\" content=\"article\" \/>\n<meta property=\"og:title\" content=\"Celebrating 150 years: a milestone day and a triumph for the Law Faculty - Facult\u00e9 de droit\" \/>\n<meta property=\"og:description\" content=\"Thursday 13 March marked a landmark in the history of the Universit\u00e9 Catholique de Lille, as it launched its 150th anniversary celebrations.\" \/>\n<meta property=\"og:url\" content=\"https:\/\/www.fld-lille.fr\/en\/celebrating-150-years-a-milestone-day-and-a-triumph-for-the-law-faculty\/\" \/>\n<meta property=\"og:site_name\" content=\"Facult\u00e9 de droit\" \/>\n<meta property=\"article:publisher\" content=\"https:\/\/www.facebook.com\/FLDLilleParis\/\" \/>\n<meta property=\"article:published_time\" content=\"2025-05-06T08:35:06+00:00\" \/>\n<meta property=\"og:image\" content=\"https:\/\/www.fld-lille.fr\/wp-content\/uploads\/2025\/05\/ACTUS-SITE-FLD-92.png\" \/>\n\t<meta property=\"og:image:width\" content=\"1172\" \/>\n\t<meta property=\"og:image:height\" content=\"619\" \/>\n\t<meta property=\"og:image:type\" content=\"image\/png\" \/>\n<meta name=\"author\" content=\"Marion Berger\" \/>\n<meta name=\"twitter:card\" content=\"summary_large_image\" \/>\n<meta name=\"twitter:label1\" content=\"Written by\" \/>\n\t<meta name=\"twitter:data1\" content=\"Marion Berger\" \/>\n\t<meta name=\"twitter:label2\" content=\"Est. reading time\" \/>\n\t<meta name=\"twitter:data2\" content=\"4 minutes\" \/>\n<script type=\"application\/ld+json\" class=\"yoast-schema-graph\">{\"@context\":\"https:\\\/\\\/schema.org\",\"@graph\":[{\"@type\":\"Article\",\"@id\":\"https:\\\/\\\/www.fld-lille.fr\\\/en\\\/celebrating-150-years-a-milestone-day-and-a-triumph-for-the-law-faculty\\\/#article\",\"isPartOf\":{\"@id\":\"https:\\\/\\\/www.fld-lille.fr\\\/en\\\/celebrating-150-years-a-milestone-day-and-a-triumph-for-the-law-faculty\\\/\"},\"author\":{\"name\":\"Marion Berger\",\"@id\":\"https:\\\/\\\/www.fld-lille.fr\\\/#\\\/schema\\\/person\\\/9b0e7d1ad46caa9440cbb557ca1c7e44\"},\"headline\":\"Celebrating 150 years: a milestone day and a triumph for the Law Faculty\",\"datePublished\":\"2025-05-06T08:35:06+00:00\",\"mainEntityOfPage\":{\"@id\":\"https:\\\/\\\/www.fld-lille.fr\\\/en\\\/celebrating-150-years-a-milestone-day-and-a-triumph-for-the-law-faculty\\\/\"},\"wordCount\":369,\"image\":{\"@id\":\"https:\\\/\\\/www.fld-lille.fr\\\/en\\\/celebrating-150-years-a-milestone-day-and-a-triumph-for-the-law-faculty\\\/#primaryimage\"},\"thumbnailUrl\":\"https:\\\/\\\/www.fld-lille.fr\\\/wp-content\\\/uploads\\\/2025\\\/05\\\/ACTUS-SITE-FLD-92.png\",\"articleSection\":[\"Lille\"],\"inLanguage\":\"en-US\"},{\"@type\":\"WebPage\",\"@id\":\"https:\\\/\\\/www.fld-lille.fr\\\/en\\\/celebrating-150-years-a-milestone-day-and-a-triumph-for-the-law-faculty\\\/\",\"url\":\"https:\\\/\\\/www.fld-lille.fr\\\/en\\\/celebrating-150-years-a-milestone-day-and-a-triumph-for-the-law-faculty\\\/\",\"name\":\"Celebrating 150 years: a milestone day and a triumph for the Law Faculty - Facult\u00e9 de droit\",\"isPartOf\":{\"@id\":\"https:\\\/\\\/www.fld-lille.fr\\\/#website\"},\"primaryImageOfPage\":{\"@id\":\"https:\\\/\\\/www.fld-lille.fr\\\/en\\\/celebrating-150-years-a-milestone-day-and-a-triumph-for-the-law-faculty\\\/#primaryimage\"},\"image\":{\"@id\":\"https:\\\/\\\/www.fld-lille.fr\\\/en\\\/celebrating-150-years-a-milestone-day-and-a-triumph-for-the-law-faculty\\\/#primaryimage\"},\"thumbnailUrl\":\"https:\\\/\\\/www.fld-lille.fr\\\/wp-content\\\/uploads\\\/2025\\\/05\\\/ACTUS-SITE-FLD-92.png\",\"datePublished\":\"2025-05-06T08:35:06+00:00\",\"author\":{\"@id\":\"https:\\\/\\\/www.fld-lille.fr\\\/#\\\/schema\\\/person\\\/9b0e7d1ad46caa9440cbb557ca1c7e44\"},\"description\":\"Thursday 13 March marked a landmark in the history of the Universit\u00e9 Catholique de Lille, as it launched its 150th anniversary celebrations.\",\"breadcrumb\":{\"@id\":\"https:\\\/\\\/www.fld-lille.fr\\\/en\\\/celebrating-150-years-a-milestone-day-and-a-triumph-for-the-law-faculty\\\/#breadcrumb\"},\"inLanguage\":\"en-US\",\"potentialAction\":[{\"@type\":\"ReadAction\",\"target\":[\"https:\\\/\\\/www.fld-lille.fr\\\/en\\\/celebrating-150-years-a-milestone-day-and-a-triumph-for-the-law-faculty\\\/\"]}]},{\"@type\":\"ImageObject\",\"inLanguage\":\"en-US\",\"@id\":\"https:\\\/\\\/www.fld-lille.fr\\\/en\\\/celebrating-150-years-a-milestone-day-and-a-triumph-for-the-law-faculty\\\/#primaryimage\",\"url\":\"https:\\\/\\\/www.fld-lille.fr\\\/wp-content\\\/uploads\\\/2025\\\/05\\\/ACTUS-SITE-FLD-92.png\",\"contentUrl\":\"https:\\\/\\\/www.fld-lille.fr\\\/wp-content\\\/uploads\\\/2025\\\/05\\\/ACTUS-SITE-FLD-92.png\",\"width\":1172,\"height\":619},{\"@type\":\"BreadcrumbList\",\"@id\":\"https:\\\/\\\/www.fld-lille.fr\\\/en\\\/celebrating-150-years-a-milestone-day-and-a-triumph-for-the-law-faculty\\\/#breadcrumb\",\"itemListElement\":[{\"@type\":\"ListItem\",\"position\":1,\"name\":\"Accueil\",\"item\":\"https:\\\/\\\/www.fld-lille.fr\\\/en\\\/\"},{\"@type\":\"ListItem\",\"position\":2,\"name\":\"Celebrating 150 years: a milestone day and a triumph for the Law Faculty\"}]},{\"@type\":\"WebSite\",\"@id\":\"https:\\\/\\\/www.fld-lille.fr\\\/#website\",\"url\":\"https:\\\/\\\/www.fld-lille.fr\\\/\",\"name\":\"Facult\u00e9 de droit\",\"description\":\"Les facult\u00e9s de l&#039;Universit\u00e9 Catholique de Lille\",\"potentialAction\":[{\"@type\":\"SearchAction\",\"target\":{\"@type\":\"EntryPoint\",\"urlTemplate\":\"https:\\\/\\\/www.fld-lille.fr\\\/?s={search_term_string}\"},\"query-input\":{\"@type\":\"PropertyValueSpecification\",\"valueRequired\":true,\"valueName\":\"search_term_string\"}}],\"inLanguage\":\"en-US\"},{\"@type\":\"Person\",\"@id\":\"https:\\\/\\\/www.fld-lille.fr\\\/#\\\/schema\\\/person\\\/9b0e7d1ad46caa9440cbb557ca1c7e44\",\"name\":\"Marion Berger\",\"url\":\"https:\\\/\\\/www.fld-lille.fr\\\/en\\\/author\\\/mberger\\\/\"}]}<\/script>\n<!-- \/ Yoast SEO plugin. -->","yoast_head_json":{"title":"Celebrating 150 years: a milestone day and a triumph for the Law Faculty - Facult\u00e9 de droit","description":"Thursday 13 March marked a landmark in the history of the Universit\u00e9 Catholique de Lille, as it launched its 150th anniversary celebrations.","robots":{"index":"index","follow":"follow","max-snippet":"max-snippet:-1","max-image-preview":"max-image-preview:large","max-video-preview":"max-video-preview:-1"},"canonical":"https:\/\/www.fld-lille.fr\/en\/celebrating-150-years-a-milestone-day-and-a-triumph-for-the-law-faculty\/","og_locale":"en_US","og_type":"article","og_title":"Celebrating 150 years: a milestone day and a triumph for the Law Faculty - Facult\u00e9 de droit","og_description":"Thursday 13 March marked a landmark in the history of the Universit\u00e9 Catholique de Lille, as it launched its 150th anniversary celebrations.","og_url":"https:\/\/www.fld-lille.fr\/en\/celebrating-150-years-a-milestone-day-and-a-triumph-for-the-law-faculty\/","og_site_name":"Facult\u00e9 de droit","article_publisher":"https:\/\/www.facebook.com\/FLDLilleParis\/","article_published_time":"2025-05-06T08:35:06+00:00","og_image":[{"width":1172,"height":619,"url":"https:\/\/www.fld-lille.fr\/wp-content\/uploads\/2025\/05\/ACTUS-SITE-FLD-92.png","type":"image\/png"}],"author":"Marion Berger","twitter_card":"summary_large_image","twitter_misc":{"Written by":"Marion Berger","Est. reading time":"4 minutes"},"schema":{"@context":"https:\/\/schema.org","@graph":[{"@type":"Article","@id":"https:\/\/www.fld-lille.fr\/en\/celebrating-150-years-a-milestone-day-and-a-triumph-for-the-law-faculty\/#article","isPartOf":{"@id":"https:\/\/www.fld-lille.fr\/en\/celebrating-150-years-a-milestone-day-and-a-triumph-for-the-law-faculty\/"},"author":{"name":"Marion Berger","@id":"https:\/\/www.fld-lille.fr\/#\/schema\/person\/9b0e7d1ad46caa9440cbb557ca1c7e44"},"headline":"Celebrating 150 years: a milestone day and a triumph for the Law Faculty","datePublished":"2025-05-06T08:35:06+00:00","mainEntityOfPage":{"@id":"https:\/\/www.fld-lille.fr\/en\/celebrating-150-years-a-milestone-day-and-a-triumph-for-the-law-faculty\/"},"wordCount":369,"image":{"@id":"https:\/\/www.fld-lille.fr\/en\/celebrating-150-years-a-milestone-day-and-a-triumph-for-the-law-faculty\/#primaryimage"},"thumbnailUrl":"https:\/\/www.fld-lille.fr\/wp-content\/uploads\/2025\/05\/ACTUS-SITE-FLD-92.png","articleSection":["Lille"],"inLanguage":"en-US"},{"@type":"WebPage","@id":"https:\/\/www.fld-lille.fr\/en\/celebrating-150-years-a-milestone-day-and-a-triumph-for-the-law-faculty\/","url":"https:\/\/www.fld-lille.fr\/en\/celebrating-150-years-a-milestone-day-and-a-triumph-for-the-law-faculty\/","name":"Celebrating 150 years: a milestone day and a triumph for the Law Faculty - Facult\u00e9 de droit","isPartOf":{"@id":"https:\/\/www.fld-lille.fr\/#website"},"primaryImageOfPage":{"@id":"https:\/\/www.fld-lille.fr\/en\/celebrating-150-years-a-milestone-day-and-a-triumph-for-the-law-faculty\/#primaryimage"},"image":{"@id":"https:\/\/www.fld-lille.fr\/en\/celebrating-150-years-a-milestone-day-and-a-triumph-for-the-law-faculty\/#primaryimage"},"thumbnailUrl":"https:\/\/www.fld-lille.fr\/wp-content\/uploads\/2025\/05\/ACTUS-SITE-FLD-92.png","datePublished":"2025-05-06T08:35:06+00:00","author":{"@id":"https:\/\/www.fld-lille.fr\/#\/schema\/person\/9b0e7d1ad46caa9440cbb557ca1c7e44"},"description":"Thursday 13 March marked a landmark in the history of the Universit\u00e9 Catholique de Lille, as it launched its 150th anniversary celebrations.","breadcrumb":{"@id":"https:\/\/www.fld-lille.fr\/en\/celebrating-150-years-a-milestone-day-and-a-triumph-for-the-law-faculty\/#breadcrumb"},"inLanguage":"en-US","potentialAction":[{"@type":"ReadAction","target":["https:\/\/www.fld-lille.fr\/en\/celebrating-150-years-a-milestone-day-and-a-triumph-for-the-law-faculty\/"]}]},{"@type":"ImageObject","inLanguage":"en-US","@id":"https:\/\/www.fld-lille.fr\/en\/celebrating-150-years-a-milestone-day-and-a-triumph-for-the-law-faculty\/#primaryimage","url":"https:\/\/www.fld-lille.fr\/wp-content\/uploads\/2025\/05\/ACTUS-SITE-FLD-92.png","contentUrl":"https:\/\/www.fld-lille.fr\/wp-content\/uploads\/2025\/05\/ACTUS-SITE-FLD-92.png","width":1172,"height":619},{"@type":"BreadcrumbList","@id":"https:\/\/www.fld-lille.fr\/en\/celebrating-150-years-a-milestone-day-and-a-triumph-for-the-law-faculty\/#breadcrumb","itemListElement":[{"@type":"ListItem","position":1,"name":"Accueil","item":"https:\/\/www.fld-lille.fr\/en\/"},{"@type":"ListItem","position":2,"name":"Celebrating 150 years: a milestone day and a triumph for the Law Faculty"}]},{"@type":"WebSite","@id":"https:\/\/www.fld-lille.fr\/#website","url":"https:\/\/www.fld-lille.fr\/","name":"Facult\u00e9 de droit","description":"Les facult\u00e9s de l&#039;Universit\u00e9 Catholique de Lille","potentialAction":[{"@type":"SearchAction","target":{"@type":"EntryPoint","urlTemplate":"https:\/\/www.fld-lille.fr\/?s={search_term_string}"},"query-input":{"@type":"PropertyValueSpecification","valueRequired":true,"valueName":"search_term_string"}}],"inLanguage":"en-US"},{"@type":"Person","@id":"https:\/\/www.fld-lille.fr\/#\/schema\/person\/9b0e7d1ad46caa9440cbb557ca1c7e44","name":"Marion Berger","url":"https:\/\/www.fld-lille.fr\/en\/author\/mberger\/"}]}},"_links":{"self":[{"href":"https:\/\/www.fld-lille.fr\/en\/wp-json\/wp\/v2\/posts\/31442","targetHints":{"allow":["GET"]}}],"collection":[{"href":"https:\/\/www.fld-lille.fr\/en\/wp-json\/wp\/v2\/posts"}],"about":[{"href":"https:\/\/www.fld-lille.fr\/en\/wp-json\/wp\/v2\/types\/post"}],"author":[{"embeddable":true,"href":"https:\/\/www.fld-lille.fr\/en\/wp-json\/wp\/v2\/users\/41"}],"replies":[{"embeddable":true,"href":"https:\/\/www.fld-lille.fr\/en\/wp-json\/wp\/v2\/comments?post=31442"}],"version-history":[{"count":4,"href":"https:\/\/www.fld-lille.fr\/en\/wp-json\/wp\/v2\/posts\/31442\/revisions"}],"predecessor-version":[{"id":31458,"href":"https:\/\/www.fld-lille.fr\/en\/wp-json\/wp\/v2\/posts\/31442\/revisions\/31458"}],"wp:featuredmedia":[{"embeddable":true,"href":"https:\/\/www.fld-lille.fr\/en\/wp-json\/wp\/v2\/media\/31428"}],"wp:attachment":[{"href":"https:\/\/www.fld-lille.fr\/en\/wp-json\/wp\/v2\/media?parent=31442"}],"wp:term":[{"taxonomy":"category","embeddable":true,"href":"https:\/\/www.fld-lille.fr\/en\/wp-json\/wp\/v2\/categories?post=31442"},{"taxonomy":"post_tag","embeddable":true,"href":"https:\/\/www.fld-lille.fr\/en\/wp-json\/wp\/v2\/tags?post=31442"}],"curies":[{"name":"wp","href":"https:\/\/api.w.org\/{rel}","templated":true}]}}