{"id":29767,"date":"2025-01-15T10:32:16","date_gmt":"2025-01-15T09:32:16","guid":{"rendered":"https:\/\/www.fld-lille.fr\/?p=29767"},"modified":"2025-01-15T10:32:16","modified_gmt":"2025-01-15T09:32:16","slug":"sarah-durelle-marc-is-the-new-dean-of-the-law-faculty","status":"publish","type":"post","link":"https:\/\/www.fld-lille.fr\/en\/sarah-durelle-marc-is-the-new-dean-of-the-law-faculty\/","title":{"rendered":"Sarah DURELLE-MARC is the new Dean of the Law Faculty"},"content":{"rendered":"<p style=\"text-align: center;\"><em>Hugues Kenfack (President of the Toulouse-Capitole University)<\/em><br \/>\n<em>Ioannis Panoussis (Outgoing Dean of the Law Faculty)<\/em><br \/>\n<em>Sarah Durelle-Marc (Dean of the Law Faculty)<\/em><\/p>\n<p>&nbsp;<\/p>\n<p>On<strong> Monday 6 January 2025<\/strong>, <span style=\"color: #ff0000;\"><strong>Sarah Durelle-Marc officially became Dean of the Law Faculty of the Universit\u00e9 Catholique de Lille.<\/strong><\/span> This nomination follows her <strong>election on 21 October 2024<\/strong>.<\/p>\n<p><strong>Teacher-researcher<\/strong> specialising in <strong>European law<\/strong> since 1998, Sarah DURELLE-MARC has been a <strong>Lecturer<\/strong> at the Faculty of Law since 2017.<\/p>\n<p>She has since held several strategic positions. She was appointed<strong> Dean&#8217;s Advisor<\/strong> immediately after her arrival and <strong>Vice-Dean in charge of Academic Affairs<\/strong> in 2023. <strong>Head of teaching<\/strong> for the <strong>Licence Droit Science Politique programme<\/strong>, she coordinates the <strong>student and teacher communities<\/strong>, actively supporting <strong>educational innovation<\/strong> and<strong> service to society<\/strong>.<\/p>\n<p>Since 2019, Sarah has also been coordinating the <strong>Summer School \u2018European Humanism in the Making\u2019<\/strong>, run by the <strong>FUCE<\/strong> (Federation of European Catholic Universities). At the same time, she is a <strong>judge-assessor<\/strong> at the <strong>Cour Nationale du Droit d&#8217;Asile<\/strong> and a <strong>consultant<\/strong> for the <strong>Haut-Commissariat aux r\u00e9fugi\u00e9s<\/strong> (Office of the High Commissioner for Refugees).<\/p>\n<p>Holding a <strong>Doctorate in public law<\/strong>, she has undeniable experience in <strong>teaching<\/strong>, <strong>managing<\/strong> and <strong>leading teams<\/strong>, backed up by solid <strong>scientific expertise<\/strong>. Since her arrival, she has played a <strong>decisive role<\/strong> in the <strong>strategic<\/strong> <strong>development of the Faculty<\/strong>, particularly in terms of <strong>programmes<\/strong>.<\/p>\n<p>The nomination of Sarah DURELLE-MARC as Dean is an <strong>acknowledgement of her qualities<\/strong>, <strong>her academic expertise<\/strong> and <strong>her exemplary commitment<\/strong> to the excellence of our faculty.<\/p>\n<p>Her ambition is to make the Faculty of Law of the Universit\u00e9 Catholique de Lille stand out by strengthening its key role in training the jurists of tomorrow, ready to meet the challenges of contemporary society.<\/p>\n<p style=\"text-align: center;\"><iframe loading=\"lazy\" src=\"\/\/www.youtube.com\/embed\/0Fh4l3qP1-E\" width=\"560\" height=\"314\" allowfullscreen=\"allowfullscreen\"><\/iframe><\/p>\n<p>&nbsp;<\/p>\n","protected":false},"excerpt":{"rendered":"<p>Hugues Kenfack (President of the Toulouse-Capitole University) Ioannis Panoussis (Outgoing Dean of the Law Faculty) Sarah Durelle-Marc (Dean of the Law Faculty) &nbsp; On Monday 6 January 2025, Sarah Durelle-Marc officially became Dean of the Law Faculty of the Universit\u00e9 Catholique de Lille. This nomination follows her election on 21 October 2024. Teacher-researcher specialising in [&hellip;]<\/p>\n","protected":false},"author":41,"featured_media":29699,"comment_status":"closed","ping_status":"open","sticky":false,"template":"","format":"standard","meta":{"_acf_changed":false,"footnotes":""},"categories":[719],"tags":[],"class_list":["post-29767","post","type-post","status-publish","format-standard","has-post-thumbnail","hentry","category-lille-en"],"acf":[],"yoast_head":"<!-- This site is optimized with the Yoast SEO plugin v27.4 - https:\/\/yoast.com\/product\/yoast-seo-wordpress\/ -->\n<title>Sarah DURELLE-MARC is the new Dean of the Law Faculty - Facult\u00e9 de droit<\/title>\n<meta name=\"description\" content=\"On Monday 6 January 2025, Sarah Durelle-Marc officially became Dean of the Law Faculty of the Universit\u00e9 Catholique de Lille.\" \/>\n<meta name=\"robots\" content=\"index, follow, max-snippet:-1, max-image-preview:large, max-video-preview:-1\" \/>\n<link rel=\"canonical\" href=\"https:\/\/www.fld-lille.fr\/en\/sarah-durelle-marc-is-the-new-dean-of-the-law-faculty\/\" \/>\n<meta property=\"og:locale\" content=\"en_US\" \/>\n<meta property=\"og:type\" content=\"article\" \/>\n<meta property=\"og:title\" content=\"Sarah DURELLE-MARC is the new Dean of the Law Faculty - Facult\u00e9 de droit\" \/>\n<meta property=\"og:description\" content=\"On Monday 6 January 2025, Sarah Durelle-Marc officially became Dean of the Law Faculty of the Universit\u00e9 Catholique de Lille.\" \/>\n<meta property=\"og:url\" content=\"https:\/\/www.fld-lille.fr\/en\/sarah-durelle-marc-is-the-new-dean-of-the-law-faculty\/\" \/>\n<meta property=\"og:site_name\" content=\"Facult\u00e9 de droit\" \/>\n<meta property=\"article:publisher\" content=\"https:\/\/www.facebook.com\/FLDLilleParis\/\" \/>\n<meta property=\"article:published_time\" content=\"2025-01-15T09:32:16+00:00\" \/>\n<meta property=\"og:image\" content=\"https:\/\/www.fld-lille.fr\/wp-content\/uploads\/2025\/01\/passation-charge-decanale-ok.png\" \/>\n\t<meta property=\"og:image:width\" content=\"1172\" \/>\n\t<meta property=\"og:image:height\" content=\"619\" \/>\n\t<meta property=\"og:image:type\" content=\"image\/png\" \/>\n<meta name=\"author\" content=\"Marion Berger\" \/>\n<meta name=\"twitter:card\" content=\"summary_large_image\" \/>\n<meta name=\"twitter:label1\" content=\"Written by\" \/>\n\t<meta name=\"twitter:data1\" content=\"Marion Berger\" \/>\n\t<meta name=\"twitter:label2\" content=\"Est. reading time\" \/>\n\t<meta name=\"twitter:data2\" content=\"2 minutes\" \/>\n<script type=\"application\/ld+json\" class=\"yoast-schema-graph\">{\"@context\":\"https:\\\/\\\/schema.org\",\"@graph\":[{\"@type\":\"Article\",\"@id\":\"https:\\\/\\\/www.fld-lille.fr\\\/en\\\/sarah-durelle-marc-is-the-new-dean-of-the-law-faculty\\\/#article\",\"isPartOf\":{\"@id\":\"https:\\\/\\\/www.fld-lille.fr\\\/en\\\/sarah-durelle-marc-is-the-new-dean-of-the-law-faculty\\\/\"},\"author\":{\"name\":\"Marion Berger\",\"@id\":\"https:\\\/\\\/www.fld-lille.fr\\\/#\\\/schema\\\/person\\\/9b0e7d1ad46caa9440cbb557ca1c7e44\"},\"headline\":\"Sarah DURELLE-MARC is the new Dean of the Law Faculty\",\"datePublished\":\"2025-01-15T09:32:16+00:00\",\"mainEntityOfPage\":{\"@id\":\"https:\\\/\\\/www.fld-lille.fr\\\/en\\\/sarah-durelle-marc-is-the-new-dean-of-the-law-faculty\\\/\"},\"wordCount\":288,\"image\":{\"@id\":\"https:\\\/\\\/www.fld-lille.fr\\\/en\\\/sarah-durelle-marc-is-the-new-dean-of-the-law-faculty\\\/#primaryimage\"},\"thumbnailUrl\":\"https:\\\/\\\/www.fld-lille.fr\\\/wp-content\\\/uploads\\\/2025\\\/01\\\/passation-charge-decanale-ok.png\",\"articleSection\":[\"Lille\"],\"inLanguage\":\"en-US\"},{\"@type\":\"WebPage\",\"@id\":\"https:\\\/\\\/www.fld-lille.fr\\\/en\\\/sarah-durelle-marc-is-the-new-dean-of-the-law-faculty\\\/\",\"url\":\"https:\\\/\\\/www.fld-lille.fr\\\/en\\\/sarah-durelle-marc-is-the-new-dean-of-the-law-faculty\\\/\",\"name\":\"Sarah DURELLE-MARC is the new Dean of the Law Faculty - Facult\u00e9 de droit\",\"isPartOf\":{\"@id\":\"https:\\\/\\\/www.fld-lille.fr\\\/#website\"},\"primaryImageOfPage\":{\"@id\":\"https:\\\/\\\/www.fld-lille.fr\\\/en\\\/sarah-durelle-marc-is-the-new-dean-of-the-law-faculty\\\/#primaryimage\"},\"image\":{\"@id\":\"https:\\\/\\\/www.fld-lille.fr\\\/en\\\/sarah-durelle-marc-is-the-new-dean-of-the-law-faculty\\\/#primaryimage\"},\"thumbnailUrl\":\"https:\\\/\\\/www.fld-lille.fr\\\/wp-content\\\/uploads\\\/2025\\\/01\\\/passation-charge-decanale-ok.png\",\"datePublished\":\"2025-01-15T09:32:16+00:00\",\"author\":{\"@id\":\"https:\\\/\\\/www.fld-lille.fr\\\/#\\\/schema\\\/person\\\/9b0e7d1ad46caa9440cbb557ca1c7e44\"},\"description\":\"On Monday 6 January 2025, Sarah Durelle-Marc officially became Dean of the Law Faculty of the Universit\u00e9 Catholique de Lille.\",\"breadcrumb\":{\"@id\":\"https:\\\/\\\/www.fld-lille.fr\\\/en\\\/sarah-durelle-marc-is-the-new-dean-of-the-law-faculty\\\/#breadcrumb\"},\"inLanguage\":\"en-US\",\"potentialAction\":[{\"@type\":\"ReadAction\",\"target\":[\"https:\\\/\\\/www.fld-lille.fr\\\/en\\\/sarah-durelle-marc-is-the-new-dean-of-the-law-faculty\\\/\"]}]},{\"@type\":\"ImageObject\",\"inLanguage\":\"en-US\",\"@id\":\"https:\\\/\\\/www.fld-lille.fr\\\/en\\\/sarah-durelle-marc-is-the-new-dean-of-the-law-faculty\\\/#primaryimage\",\"url\":\"https:\\\/\\\/www.fld-lille.fr\\\/wp-content\\\/uploads\\\/2025\\\/01\\\/passation-charge-decanale-ok.png\",\"contentUrl\":\"https:\\\/\\\/www.fld-lille.fr\\\/wp-content\\\/uploads\\\/2025\\\/01\\\/passation-charge-decanale-ok.png\",\"width\":1172,\"height\":619},{\"@type\":\"BreadcrumbList\",\"@id\":\"https:\\\/\\\/www.fld-lille.fr\\\/en\\\/sarah-durelle-marc-is-the-new-dean-of-the-law-faculty\\\/#breadcrumb\",\"itemListElement\":[{\"@type\":\"ListItem\",\"position\":1,\"name\":\"Accueil\",\"item\":\"https:\\\/\\\/www.fld-lille.fr\\\/en\\\/\"},{\"@type\":\"ListItem\",\"position\":2,\"name\":\"Sarah DURELLE-MARC is the new Dean of the Law Faculty\"}]},{\"@type\":\"WebSite\",\"@id\":\"https:\\\/\\\/www.fld-lille.fr\\\/#website\",\"url\":\"https:\\\/\\\/www.fld-lille.fr\\\/\",\"name\":\"Facult\u00e9 de droit\",\"description\":\"Les facult\u00e9s de l&#039;Universit\u00e9 Catholique de Lille\",\"potentialAction\":[{\"@type\":\"SearchAction\",\"target\":{\"@type\":\"EntryPoint\",\"urlTemplate\":\"https:\\\/\\\/www.fld-lille.fr\\\/?s={search_term_string}\"},\"query-input\":{\"@type\":\"PropertyValueSpecification\",\"valueRequired\":true,\"valueName\":\"search_term_string\"}}],\"inLanguage\":\"en-US\"},{\"@type\":\"Person\",\"@id\":\"https:\\\/\\\/www.fld-lille.fr\\\/#\\\/schema\\\/person\\\/9b0e7d1ad46caa9440cbb557ca1c7e44\",\"name\":\"Marion Berger\",\"url\":\"https:\\\/\\\/www.fld-lille.fr\\\/en\\\/author\\\/mberger\\\/\"}]}<\/script>\n<!-- \/ Yoast SEO plugin. -->","yoast_head_json":{"title":"Sarah DURELLE-MARC is the new Dean of the Law Faculty - Facult\u00e9 de droit","description":"On Monday 6 January 2025, Sarah Durelle-Marc officially became Dean of the Law Faculty of the Universit\u00e9 Catholique de Lille.","robots":{"index":"index","follow":"follow","max-snippet":"max-snippet:-1","max-image-preview":"max-image-preview:large","max-video-preview":"max-video-preview:-1"},"canonical":"https:\/\/www.fld-lille.fr\/en\/sarah-durelle-marc-is-the-new-dean-of-the-law-faculty\/","og_locale":"en_US","og_type":"article","og_title":"Sarah DURELLE-MARC is the new Dean of the Law Faculty - Facult\u00e9 de droit","og_description":"On Monday 6 January 2025, Sarah Durelle-Marc officially became Dean of the Law Faculty of the Universit\u00e9 Catholique de Lille.","og_url":"https:\/\/www.fld-lille.fr\/en\/sarah-durelle-marc-is-the-new-dean-of-the-law-faculty\/","og_site_name":"Facult\u00e9 de droit","article_publisher":"https:\/\/www.facebook.com\/FLDLilleParis\/","article_published_time":"2025-01-15T09:32:16+00:00","og_image":[{"width":1172,"height":619,"url":"https:\/\/www.fld-lille.fr\/wp-content\/uploads\/2025\/01\/passation-charge-decanale-ok.png","type":"image\/png"}],"author":"Marion Berger","twitter_card":"summary_large_image","twitter_misc":{"Written by":"Marion Berger","Est. reading time":"2 minutes"},"schema":{"@context":"https:\/\/schema.org","@graph":[{"@type":"Article","@id":"https:\/\/www.fld-lille.fr\/en\/sarah-durelle-marc-is-the-new-dean-of-the-law-faculty\/#article","isPartOf":{"@id":"https:\/\/www.fld-lille.fr\/en\/sarah-durelle-marc-is-the-new-dean-of-the-law-faculty\/"},"author":{"name":"Marion Berger","@id":"https:\/\/www.fld-lille.fr\/#\/schema\/person\/9b0e7d1ad46caa9440cbb557ca1c7e44"},"headline":"Sarah DURELLE-MARC is the new Dean of the Law Faculty","datePublished":"2025-01-15T09:32:16+00:00","mainEntityOfPage":{"@id":"https:\/\/www.fld-lille.fr\/en\/sarah-durelle-marc-is-the-new-dean-of-the-law-faculty\/"},"wordCount":288,"image":{"@id":"https:\/\/www.fld-lille.fr\/en\/sarah-durelle-marc-is-the-new-dean-of-the-law-faculty\/#primaryimage"},"thumbnailUrl":"https:\/\/www.fld-lille.fr\/wp-content\/uploads\/2025\/01\/passation-charge-decanale-ok.png","articleSection":["Lille"],"inLanguage":"en-US"},{"@type":"WebPage","@id":"https:\/\/www.fld-lille.fr\/en\/sarah-durelle-marc-is-the-new-dean-of-the-law-faculty\/","url":"https:\/\/www.fld-lille.fr\/en\/sarah-durelle-marc-is-the-new-dean-of-the-law-faculty\/","name":"Sarah DURELLE-MARC is the new Dean of the Law Faculty - Facult\u00e9 de droit","isPartOf":{"@id":"https:\/\/www.fld-lille.fr\/#website"},"primaryImageOfPage":{"@id":"https:\/\/www.fld-lille.fr\/en\/sarah-durelle-marc-is-the-new-dean-of-the-law-faculty\/#primaryimage"},"image":{"@id":"https:\/\/www.fld-lille.fr\/en\/sarah-durelle-marc-is-the-new-dean-of-the-law-faculty\/#primaryimage"},"thumbnailUrl":"https:\/\/www.fld-lille.fr\/wp-content\/uploads\/2025\/01\/passation-charge-decanale-ok.png","datePublished":"2025-01-15T09:32:16+00:00","author":{"@id":"https:\/\/www.fld-lille.fr\/#\/schema\/person\/9b0e7d1ad46caa9440cbb557ca1c7e44"},"description":"On Monday 6 January 2025, Sarah Durelle-Marc officially became Dean of the Law Faculty of the Universit\u00e9 Catholique de Lille.","breadcrumb":{"@id":"https:\/\/www.fld-lille.fr\/en\/sarah-durelle-marc-is-the-new-dean-of-the-law-faculty\/#breadcrumb"},"inLanguage":"en-US","potentialAction":[{"@type":"ReadAction","target":["https:\/\/www.fld-lille.fr\/en\/sarah-durelle-marc-is-the-new-dean-of-the-law-faculty\/"]}]},{"@type":"ImageObject","inLanguage":"en-US","@id":"https:\/\/www.fld-lille.fr\/en\/sarah-durelle-marc-is-the-new-dean-of-the-law-faculty\/#primaryimage","url":"https:\/\/www.fld-lille.fr\/wp-content\/uploads\/2025\/01\/passation-charge-decanale-ok.png","contentUrl":"https:\/\/www.fld-lille.fr\/wp-content\/uploads\/2025\/01\/passation-charge-decanale-ok.png","width":1172,"height":619},{"@type":"BreadcrumbList","@id":"https:\/\/www.fld-lille.fr\/en\/sarah-durelle-marc-is-the-new-dean-of-the-law-faculty\/#breadcrumb","itemListElement":[{"@type":"ListItem","position":1,"name":"Accueil","item":"https:\/\/www.fld-lille.fr\/en\/"},{"@type":"ListItem","position":2,"name":"Sarah DURELLE-MARC is the new Dean of the Law Faculty"}]},{"@type":"WebSite","@id":"https:\/\/www.fld-lille.fr\/#website","url":"https:\/\/www.fld-lille.fr\/","name":"Facult\u00e9 de droit","description":"Les facult\u00e9s de l&#039;Universit\u00e9 Catholique de Lille","potentialAction":[{"@type":"SearchAction","target":{"@type":"EntryPoint","urlTemplate":"https:\/\/www.fld-lille.fr\/?s={search_term_string}"},"query-input":{"@type":"PropertyValueSpecification","valueRequired":true,"valueName":"search_term_string"}}],"inLanguage":"en-US"},{"@type":"Person","@id":"https:\/\/www.fld-lille.fr\/#\/schema\/person\/9b0e7d1ad46caa9440cbb557ca1c7e44","name":"Marion Berger","url":"https:\/\/www.fld-lille.fr\/en\/author\/mberger\/"}]}},"_links":{"self":[{"href":"https:\/\/www.fld-lille.fr\/en\/wp-json\/wp\/v2\/posts\/29767","targetHints":{"allow":["GET"]}}],"collection":[{"href":"https:\/\/www.fld-lille.fr\/en\/wp-json\/wp\/v2\/posts"}],"about":[{"href":"https:\/\/www.fld-lille.fr\/en\/wp-json\/wp\/v2\/types\/post"}],"author":[{"embeddable":true,"href":"https:\/\/www.fld-lille.fr\/en\/wp-json\/wp\/v2\/users\/41"}],"replies":[{"embeddable":true,"href":"https:\/\/www.fld-lille.fr\/en\/wp-json\/wp\/v2\/comments?post=29767"}],"version-history":[{"count":3,"href":"https:\/\/www.fld-lille.fr\/en\/wp-json\/wp\/v2\/posts\/29767\/revisions"}],"predecessor-version":[{"id":29770,"href":"https:\/\/www.fld-lille.fr\/en\/wp-json\/wp\/v2\/posts\/29767\/revisions\/29770"}],"wp:featuredmedia":[{"embeddable":true,"href":"https:\/\/www.fld-lille.fr\/en\/wp-json\/wp\/v2\/media\/29699"}],"wp:attachment":[{"href":"https:\/\/www.fld-lille.fr\/en\/wp-json\/wp\/v2\/media?parent=29767"}],"wp:term":[{"taxonomy":"category","embeddable":true,"href":"https:\/\/www.fld-lille.fr\/en\/wp-json\/wp\/v2\/categories?post=29767"},{"taxonomy":"post_tag","embeddable":true,"href":"https:\/\/www.fld-lille.fr\/en\/wp-json\/wp\/v2\/tags?post=29767"}],"curies":[{"name":"wp","href":"https:\/\/api.w.org\/{rel}","templated":true}]}}