{"id":28885,"date":"2024-10-31T09:51:29","date_gmt":"2024-10-31T08:51:29","guid":{"rendered":"https:\/\/www.fld-lille.fr\/?p=28885"},"modified":"2024-10-31T09:51:29","modified_gmt":"2024-10-31T08:51:29","slug":"international-job-fair-your-passport-to-a-borderless-career","status":"publish","type":"post","link":"https:\/\/www.fld-lille.fr\/en\/international-job-fair-your-passport-to-a-borderless-career\/","title":{"rendered":"International Job Fair: Your passport to a borderless career"},"content":{"rendered":"<p>The <strong>Law Faculty of the Universit\u00e9 Catholique de Lille<\/strong> invites you to its <span style=\"color: #ff0000;\"><strong>International Job Fair<\/strong><\/span> on <span style=\"color: #ff0000;\"><strong>Thursday, 7 November 2024<\/strong><\/span>. This event, dedicated to all <strong>Master&#8217;s students in International and European Law<\/strong>, is the perfect opportunity to:<\/p>\n<p>&nbsp;<\/p>\n<ul>\n<li><strong>Expand your professional network:<\/strong> meet in person with representatives from international companies and discover internship opportunities abroad<\/li>\n<li><strong>Get tailored guidance:<\/strong> the Career Center will be on hand to help you build your CV and application, refining your profile and employability<\/li>\n<li><strong>Open up new opportunities: <\/strong>explore new sectors and careers, and shape your future career path<\/li>\n<\/ul>\n<p>&nbsp;<\/p>\n<h3><span style=\"color: #ff0000;\"><strong>Programme:<\/strong><\/span><\/h3>\n<ul>\n<li>Company stands &#8211; job dating<\/li>\n<li>Interview preparation workshops with the Career Center<\/li>\n<\/ul>\n<p>&nbsp;<\/p>\n<h3><span style=\"color: #ff0000;\"><strong>When?<\/strong><\/span><\/h3>\n<p>Thursday, <strong>7 November 2024<\/strong>, from 2pm to 6pm<\/p>\n<p>&nbsp;<\/p>\n<h3><span style=\"color: #ff0000;\"><strong>Where?<\/strong><\/span><\/h3>\n<p>Espace Agora &#8211; 1st floor, Robert Schuman building, 58 rue du Port, Lille<\/p>\n<p>&nbsp;<\/p>\n<p style=\"text-align: center;\"><a class=\"button-secondary\" href=\"https:\/\/www.fld-lille.fr\/evenementiel\/international-job-fair-2024-students\/\" target=\"_blank\" rel=\"noopener\"><strong>REGISTRATION REQUIRED<\/strong><\/a><br \/>\n<em>Please bring your CV<\/em><\/p>\n<p>&nbsp;<\/p>\n<p>The <strong>International Job Fair<\/strong> is a chance to <strong>connect with international companies<\/strong> operating in <strong>various sectors<\/strong>. It is also an opportunity to <strong>develop your network<\/strong> and <strong>create valuable contacts<\/strong> who can support you throughout your career.<\/p>\n<p>&nbsp;<\/p>\n<p><em><strong>Attending companies include: BCTG, GGV Avocats, PWC, Cleary Gottlieb Steen &amp; Hamilton, Lille Legal, Ocean Law, DLGA, the Defender of Rights, a representative from the criminal police, Amnesty International &#8211; Lille branch, the Red Cross (migrant emergency)&#8230;<\/strong><\/em><\/p>\n<p>&nbsp;<\/p>\n<p><strong>For more information, contact <span style=\"color: #ff0000;\">Aude Allard<\/span>, Corporate Relations Manager : aude.allard@univ-catholille.fr<\/strong><\/p>\n<p>&nbsp;<\/p>\n<p><em>Are you a company looking for interns? Come meet our students!<\/em><\/p>\n","protected":false},"excerpt":{"rendered":"<p>The Law Faculty of the Universit\u00e9 Catholique de Lille invites you to its International Job Fair on Thursday, 7 November 2024. This event, dedicated to all Master&#8217;s students in International and European Law, is the perfect opportunity to: &nbsp; Expand your professional network: meet in person with representatives from international companies and discover internship opportunities [&hellip;]<\/p>\n","protected":false},"author":41,"featured_media":28884,"comment_status":"closed","ping_status":"open","sticky":false,"template":"","format":"standard","meta":{"_acf_changed":false,"footnotes":""},"categories":[722,719,978],"tags":[],"class_list":["post-28885","post","type-post","status-publish","format-standard","has-post-thumbnail","hentry","category-international-en","category-lille-en","category-students"],"acf":[],"yoast_head":"<!-- This site is optimized with the Yoast SEO plugin v27.4 - https:\/\/yoast.com\/product\/yoast-seo-wordpress\/ -->\n<title>International Job Fair: Your passport to a borderless career - Facult\u00e9 de droit<\/title>\n<meta name=\"description\" content=\"The Law Faculty invites you to its International Job Fair! Event dedicated to all Master&#039;s students in International and European Law.\" \/>\n<meta name=\"robots\" content=\"index, follow, max-snippet:-1, max-image-preview:large, max-video-preview:-1\" \/>\n<link rel=\"canonical\" href=\"https:\/\/www.fld-lille.fr\/en\/international-job-fair-your-passport-to-a-borderless-career\/\" \/>\n<meta property=\"og:locale\" content=\"en_US\" \/>\n<meta property=\"og:type\" content=\"article\" \/>\n<meta property=\"og:title\" content=\"International Job Fair: Your passport to a borderless career - Facult\u00e9 de droit\" \/>\n<meta property=\"og:description\" content=\"The Law Faculty invites you to its International Job Fair! Event dedicated to all Master&#039;s students in International and European Law.\" \/>\n<meta property=\"og:url\" content=\"https:\/\/www.fld-lille.fr\/en\/international-job-fair-your-passport-to-a-borderless-career\/\" \/>\n<meta property=\"og:site_name\" content=\"Facult\u00e9 de droit\" \/>\n<meta property=\"article:publisher\" content=\"https:\/\/www.facebook.com\/FLDLilleParis\/\" \/>\n<meta property=\"article:published_time\" content=\"2024-10-31T08:51:29+00:00\" \/>\n<meta property=\"og:image\" content=\"https:\/\/www.fld-lille.fr\/wp-content\/uploads\/2024\/10\/ACTUS-SITE-FLD-10.png\" \/>\n\t<meta property=\"og:image:width\" content=\"1172\" \/>\n\t<meta property=\"og:image:height\" content=\"619\" \/>\n\t<meta property=\"og:image:type\" content=\"image\/png\" \/>\n<meta name=\"author\" content=\"Marion Berger\" \/>\n<meta name=\"twitter:card\" content=\"summary_large_image\" \/>\n<meta name=\"twitter:label1\" content=\"Written by\" \/>\n\t<meta name=\"twitter:data1\" content=\"Marion Berger\" \/>\n\t<meta name=\"twitter:label2\" content=\"Est. reading time\" \/>\n\t<meta name=\"twitter:data2\" content=\"2 minutes\" \/>\n<script type=\"application\/ld+json\" class=\"yoast-schema-graph\">{\"@context\":\"https:\\\/\\\/schema.org\",\"@graph\":[{\"@type\":\"Article\",\"@id\":\"https:\\\/\\\/www.fld-lille.fr\\\/en\\\/international-job-fair-your-passport-to-a-borderless-career\\\/#article\",\"isPartOf\":{\"@id\":\"https:\\\/\\\/www.fld-lille.fr\\\/en\\\/international-job-fair-your-passport-to-a-borderless-career\\\/\"},\"author\":{\"name\":\"Marion Berger\",\"@id\":\"https:\\\/\\\/www.fld-lille.fr\\\/#\\\/schema\\\/person\\\/9b0e7d1ad46caa9440cbb557ca1c7e44\"},\"headline\":\"International Job Fair: Your passport to a borderless career\",\"datePublished\":\"2024-10-31T08:51:29+00:00\",\"mainEntityOfPage\":{\"@id\":\"https:\\\/\\\/www.fld-lille.fr\\\/en\\\/international-job-fair-your-passport-to-a-borderless-career\\\/\"},\"wordCount\":246,\"image\":{\"@id\":\"https:\\\/\\\/www.fld-lille.fr\\\/en\\\/international-job-fair-your-passport-to-a-borderless-career\\\/#primaryimage\"},\"thumbnailUrl\":\"https:\\\/\\\/www.fld-lille.fr\\\/wp-content\\\/uploads\\\/2024\\\/10\\\/ACTUS-SITE-FLD-10.png\",\"articleSection\":[\"International\",\"Lille\",\"Students\"],\"inLanguage\":\"en-US\"},{\"@type\":\"WebPage\",\"@id\":\"https:\\\/\\\/www.fld-lille.fr\\\/en\\\/international-job-fair-your-passport-to-a-borderless-career\\\/\",\"url\":\"https:\\\/\\\/www.fld-lille.fr\\\/en\\\/international-job-fair-your-passport-to-a-borderless-career\\\/\",\"name\":\"International Job Fair: Your passport to a borderless career - Facult\u00e9 de droit\",\"isPartOf\":{\"@id\":\"https:\\\/\\\/www.fld-lille.fr\\\/#website\"},\"primaryImageOfPage\":{\"@id\":\"https:\\\/\\\/www.fld-lille.fr\\\/en\\\/international-job-fair-your-passport-to-a-borderless-career\\\/#primaryimage\"},\"image\":{\"@id\":\"https:\\\/\\\/www.fld-lille.fr\\\/en\\\/international-job-fair-your-passport-to-a-borderless-career\\\/#primaryimage\"},\"thumbnailUrl\":\"https:\\\/\\\/www.fld-lille.fr\\\/wp-content\\\/uploads\\\/2024\\\/10\\\/ACTUS-SITE-FLD-10.png\",\"datePublished\":\"2024-10-31T08:51:29+00:00\",\"author\":{\"@id\":\"https:\\\/\\\/www.fld-lille.fr\\\/#\\\/schema\\\/person\\\/9b0e7d1ad46caa9440cbb557ca1c7e44\"},\"description\":\"The Law Faculty invites you to its International Job Fair! Event dedicated to all Master's students in International and European Law.\",\"breadcrumb\":{\"@id\":\"https:\\\/\\\/www.fld-lille.fr\\\/en\\\/international-job-fair-your-passport-to-a-borderless-career\\\/#breadcrumb\"},\"inLanguage\":\"en-US\",\"potentialAction\":[{\"@type\":\"ReadAction\",\"target\":[\"https:\\\/\\\/www.fld-lille.fr\\\/en\\\/international-job-fair-your-passport-to-a-borderless-career\\\/\"]}]},{\"@type\":\"ImageObject\",\"inLanguage\":\"en-US\",\"@id\":\"https:\\\/\\\/www.fld-lille.fr\\\/en\\\/international-job-fair-your-passport-to-a-borderless-career\\\/#primaryimage\",\"url\":\"https:\\\/\\\/www.fld-lille.fr\\\/wp-content\\\/uploads\\\/2024\\\/10\\\/ACTUS-SITE-FLD-10.png\",\"contentUrl\":\"https:\\\/\\\/www.fld-lille.fr\\\/wp-content\\\/uploads\\\/2024\\\/10\\\/ACTUS-SITE-FLD-10.png\",\"width\":1172,\"height\":619},{\"@type\":\"BreadcrumbList\",\"@id\":\"https:\\\/\\\/www.fld-lille.fr\\\/en\\\/international-job-fair-your-passport-to-a-borderless-career\\\/#breadcrumb\",\"itemListElement\":[{\"@type\":\"ListItem\",\"position\":1,\"name\":\"Accueil\",\"item\":\"https:\\\/\\\/www.fld-lille.fr\\\/en\\\/\"},{\"@type\":\"ListItem\",\"position\":2,\"name\":\"International Job Fair: Your passport to a borderless career\"}]},{\"@type\":\"WebSite\",\"@id\":\"https:\\\/\\\/www.fld-lille.fr\\\/#website\",\"url\":\"https:\\\/\\\/www.fld-lille.fr\\\/\",\"name\":\"Facult\u00e9 de droit\",\"description\":\"Les facult\u00e9s de l&#039;Universit\u00e9 Catholique de Lille\",\"potentialAction\":[{\"@type\":\"SearchAction\",\"target\":{\"@type\":\"EntryPoint\",\"urlTemplate\":\"https:\\\/\\\/www.fld-lille.fr\\\/?s={search_term_string}\"},\"query-input\":{\"@type\":\"PropertyValueSpecification\",\"valueRequired\":true,\"valueName\":\"search_term_string\"}}],\"inLanguage\":\"en-US\"},{\"@type\":\"Person\",\"@id\":\"https:\\\/\\\/www.fld-lille.fr\\\/#\\\/schema\\\/person\\\/9b0e7d1ad46caa9440cbb557ca1c7e44\",\"name\":\"Marion Berger\",\"url\":\"https:\\\/\\\/www.fld-lille.fr\\\/en\\\/author\\\/mberger\\\/\"}]}<\/script>\n<!-- \/ Yoast SEO plugin. -->","yoast_head_json":{"title":"International Job Fair: Your passport to a borderless career - Facult\u00e9 de droit","description":"The Law Faculty invites you to its International Job Fair! Event dedicated to all Master's students in International and European Law.","robots":{"index":"index","follow":"follow","max-snippet":"max-snippet:-1","max-image-preview":"max-image-preview:large","max-video-preview":"max-video-preview:-1"},"canonical":"https:\/\/www.fld-lille.fr\/en\/international-job-fair-your-passport-to-a-borderless-career\/","og_locale":"en_US","og_type":"article","og_title":"International Job Fair: Your passport to a borderless career - Facult\u00e9 de droit","og_description":"The Law Faculty invites you to its International Job Fair! Event dedicated to all Master's students in International and European Law.","og_url":"https:\/\/www.fld-lille.fr\/en\/international-job-fair-your-passport-to-a-borderless-career\/","og_site_name":"Facult\u00e9 de droit","article_publisher":"https:\/\/www.facebook.com\/FLDLilleParis\/","article_published_time":"2024-10-31T08:51:29+00:00","og_image":[{"width":1172,"height":619,"url":"https:\/\/www.fld-lille.fr\/wp-content\/uploads\/2024\/10\/ACTUS-SITE-FLD-10.png","type":"image\/png"}],"author":"Marion Berger","twitter_card":"summary_large_image","twitter_misc":{"Written by":"Marion Berger","Est. reading time":"2 minutes"},"schema":{"@context":"https:\/\/schema.org","@graph":[{"@type":"Article","@id":"https:\/\/www.fld-lille.fr\/en\/international-job-fair-your-passport-to-a-borderless-career\/#article","isPartOf":{"@id":"https:\/\/www.fld-lille.fr\/en\/international-job-fair-your-passport-to-a-borderless-career\/"},"author":{"name":"Marion Berger","@id":"https:\/\/www.fld-lille.fr\/#\/schema\/person\/9b0e7d1ad46caa9440cbb557ca1c7e44"},"headline":"International Job Fair: Your passport to a borderless career","datePublished":"2024-10-31T08:51:29+00:00","mainEntityOfPage":{"@id":"https:\/\/www.fld-lille.fr\/en\/international-job-fair-your-passport-to-a-borderless-career\/"},"wordCount":246,"image":{"@id":"https:\/\/www.fld-lille.fr\/en\/international-job-fair-your-passport-to-a-borderless-career\/#primaryimage"},"thumbnailUrl":"https:\/\/www.fld-lille.fr\/wp-content\/uploads\/2024\/10\/ACTUS-SITE-FLD-10.png","articleSection":["International","Lille","Students"],"inLanguage":"en-US"},{"@type":"WebPage","@id":"https:\/\/www.fld-lille.fr\/en\/international-job-fair-your-passport-to-a-borderless-career\/","url":"https:\/\/www.fld-lille.fr\/en\/international-job-fair-your-passport-to-a-borderless-career\/","name":"International Job Fair: Your passport to a borderless career - Facult\u00e9 de droit","isPartOf":{"@id":"https:\/\/www.fld-lille.fr\/#website"},"primaryImageOfPage":{"@id":"https:\/\/www.fld-lille.fr\/en\/international-job-fair-your-passport-to-a-borderless-career\/#primaryimage"},"image":{"@id":"https:\/\/www.fld-lille.fr\/en\/international-job-fair-your-passport-to-a-borderless-career\/#primaryimage"},"thumbnailUrl":"https:\/\/www.fld-lille.fr\/wp-content\/uploads\/2024\/10\/ACTUS-SITE-FLD-10.png","datePublished":"2024-10-31T08:51:29+00:00","author":{"@id":"https:\/\/www.fld-lille.fr\/#\/schema\/person\/9b0e7d1ad46caa9440cbb557ca1c7e44"},"description":"The Law Faculty invites you to its International Job Fair! Event dedicated to all Master's students in International and European Law.","breadcrumb":{"@id":"https:\/\/www.fld-lille.fr\/en\/international-job-fair-your-passport-to-a-borderless-career\/#breadcrumb"},"inLanguage":"en-US","potentialAction":[{"@type":"ReadAction","target":["https:\/\/www.fld-lille.fr\/en\/international-job-fair-your-passport-to-a-borderless-career\/"]}]},{"@type":"ImageObject","inLanguage":"en-US","@id":"https:\/\/www.fld-lille.fr\/en\/international-job-fair-your-passport-to-a-borderless-career\/#primaryimage","url":"https:\/\/www.fld-lille.fr\/wp-content\/uploads\/2024\/10\/ACTUS-SITE-FLD-10.png","contentUrl":"https:\/\/www.fld-lille.fr\/wp-content\/uploads\/2024\/10\/ACTUS-SITE-FLD-10.png","width":1172,"height":619},{"@type":"BreadcrumbList","@id":"https:\/\/www.fld-lille.fr\/en\/international-job-fair-your-passport-to-a-borderless-career\/#breadcrumb","itemListElement":[{"@type":"ListItem","position":1,"name":"Accueil","item":"https:\/\/www.fld-lille.fr\/en\/"},{"@type":"ListItem","position":2,"name":"International Job Fair: Your passport to a borderless career"}]},{"@type":"WebSite","@id":"https:\/\/www.fld-lille.fr\/#website","url":"https:\/\/www.fld-lille.fr\/","name":"Facult\u00e9 de droit","description":"Les facult\u00e9s de l&#039;Universit\u00e9 Catholique de Lille","potentialAction":[{"@type":"SearchAction","target":{"@type":"EntryPoint","urlTemplate":"https:\/\/www.fld-lille.fr\/?s={search_term_string}"},"query-input":{"@type":"PropertyValueSpecification","valueRequired":true,"valueName":"search_term_string"}}],"inLanguage":"en-US"},{"@type":"Person","@id":"https:\/\/www.fld-lille.fr\/#\/schema\/person\/9b0e7d1ad46caa9440cbb557ca1c7e44","name":"Marion Berger","url":"https:\/\/www.fld-lille.fr\/en\/author\/mberger\/"}]}},"_links":{"self":[{"href":"https:\/\/www.fld-lille.fr\/en\/wp-json\/wp\/v2\/posts\/28885","targetHints":{"allow":["GET"]}}],"collection":[{"href":"https:\/\/www.fld-lille.fr\/en\/wp-json\/wp\/v2\/posts"}],"about":[{"href":"https:\/\/www.fld-lille.fr\/en\/wp-json\/wp\/v2\/types\/post"}],"author":[{"embeddable":true,"href":"https:\/\/www.fld-lille.fr\/en\/wp-json\/wp\/v2\/users\/41"}],"replies":[{"embeddable":true,"href":"https:\/\/www.fld-lille.fr\/en\/wp-json\/wp\/v2\/comments?post=28885"}],"version-history":[{"count":14,"href":"https:\/\/www.fld-lille.fr\/en\/wp-json\/wp\/v2\/posts\/28885\/revisions"}],"predecessor-version":[{"id":28961,"href":"https:\/\/www.fld-lille.fr\/en\/wp-json\/wp\/v2\/posts\/28885\/revisions\/28961"}],"wp:featuredmedia":[{"embeddable":true,"href":"https:\/\/www.fld-lille.fr\/en\/wp-json\/wp\/v2\/media\/28884"}],"wp:attachment":[{"href":"https:\/\/www.fld-lille.fr\/en\/wp-json\/wp\/v2\/media?parent=28885"}],"wp:term":[{"taxonomy":"category","embeddable":true,"href":"https:\/\/www.fld-lille.fr\/en\/wp-json\/wp\/v2\/categories?post=28885"},{"taxonomy":"post_tag","embeddable":true,"href":"https:\/\/www.fld-lille.fr\/en\/wp-json\/wp\/v2\/tags?post=28885"}],"curies":[{"name":"wp","href":"https:\/\/api.w.org\/{rel}","templated":true}]}}