{"id":28397,"date":"2025-01-06T14:11:31","date_gmt":"2025-01-06T13:11:31","guid":{"rendered":"https:\/\/www.fld-lille.fr\/?p=28397"},"modified":"2025-01-06T14:13:36","modified_gmt":"2025-01-06T13:13:36","slug":"welcome-day-a-warm-welcome-to-our-international-students","status":"publish","type":"post","link":"https:\/\/www.fld-lille.fr\/en\/welcome-day-a-warm-welcome-to-our-international-students\/","title":{"rendered":"Welcome Day: A warm welcome to our International students!"},"content":{"rendered":"<p>The <strong>Universit\u00e9 Catholique de Lille<\/strong> is delighted to <strong>welcome its new international students to Welcome Day<\/strong>, a special event designed to <strong>help you settle in<\/strong> and <strong>explore the services available to you<\/strong>. Join us on <strong>Friday, 10 January, from 11am to 3pm in the Robert Schuman<\/strong> building, located at 58 rue du Port, Lille.<\/p>\n<p>&nbsp;<\/p>\n<h3><span style=\"color: #ff0000;\"><strong>A day to discover and get informed<br \/>\n<\/strong><\/span><\/h3>\n<p><strong>Welcome Day<\/strong> is the perfect opportunity to <strong>gather all the essential information<\/strong> you need to start your journey in Lille on the right foot. You&#8217;ll be introduced to the wide range of services offered by the University, including:<\/p>\n<ul>\n<li><strong>Biblioth\u00e8que Universitaire:<\/strong> the library for all your academic research needs<\/li>\n<li><strong>CLARIFE:<\/strong> the University&#8217;s language centre<\/li>\n<li><strong>ALL:<\/strong> support services for everyday life (food, accommodation, health, social activities and sports)<\/li>\n<li><strong>CPSU:<\/strong> the University Health Centre<\/li>\n<li><strong>Horizon International: <\/strong>the University&#8217;s International Relations Department<\/li>\n<\/ul>\n<p>&nbsp;<\/p>\n<h3><span style=\"color: #ff0000;\"><strong>Partners here to help you<\/strong><\/span><\/h3>\n<p>Alongside the University services, <strong>various partners will be present<\/strong> to assist with <strong>administrative matters<\/strong> and <strong>help you settle into life in Lille<\/strong>, including:<\/p>\n<ul>\n<li><strong>ILEVIA:<\/strong> Public transport services in the Lille European Metropolis<\/li>\n<li><strong>CPAM:<\/strong> Caisse Primaire d&#8217;Assurance Maladie (health insurance)<\/li>\n<li><strong>CAF:<\/strong> Caisse d&#8217;Allocations Familiales (for housing benefits)<\/li>\n<li><strong>SMENO and HEYME:<\/strong> student health insurance providers<\/li>\n<li><strong>Nightline:<\/strong> a mental health and well-being support organisation<\/li>\n<li><strong>Erasmus Place:<\/strong> helps you find your bearings in Lille<\/li>\n<li><strong>Livin France:<\/strong> guiding you through the process of moving to France<\/li>\n<\/ul>\n<p>&nbsp;<\/p>\n<h3><span style=\"color: #ff0000;\"><strong>Explore Lille with a free guided tour<\/strong><\/span><\/h3>\n<p>If you want to explore the city and campus, <strong>join the free guided tour of Lille<\/strong>, <strong>departing at 9am from the reception of the Robert Schuman building, Law Faculty<\/strong>.<\/p>\n<p>&nbsp;<\/p>\n<p><span style=\"color: #ff0000;\"><em><strong>We look forward to meeting you and supporting you during your time at the Universit\u00e9 Catholique de Lille!<\/strong><\/em><\/span><\/p>\n","protected":false},"excerpt":{"rendered":"<p>The Universit\u00e9 Catholique de Lille is delighted to welcome its new international students to Welcome Day, a special event designed to help you settle in and explore the services available to you. Join us on Friday, 10 January, from 11am to 3pm in the Robert Schuman building, located at 58 rue du Port, Lille. &nbsp; [&hellip;]<\/p>\n","protected":false},"author":41,"featured_media":29634,"comment_status":"closed","ping_status":"open","sticky":false,"template":"","format":"standard","meta":{"_acf_changed":false,"footnotes":""},"categories":[722,719],"tags":[],"class_list":["post-28397","post","type-post","status-publish","format-standard","has-post-thumbnail","hentry","category-international-en","category-lille-en"],"acf":[],"yoast_head":"<!-- This site is optimized with the Yoast SEO plugin v27.4 - https:\/\/yoast.com\/product\/yoast-seo-wordpress\/ -->\n<title>Welcome Day: A warm welcome to our International students! - Facult\u00e9 de droit<\/title>\n<meta name=\"description\" content=\"The Universit\u00e9 Catholique de Lille is delighted to welcome its new international students to Welcome Day !\" \/>\n<meta name=\"robots\" content=\"index, follow, max-snippet:-1, max-image-preview:large, max-video-preview:-1\" \/>\n<link rel=\"canonical\" href=\"https:\/\/www.fld-lille.fr\/en\/welcome-day-a-warm-welcome-to-our-international-students\/\" \/>\n<meta property=\"og:locale\" content=\"en_US\" \/>\n<meta property=\"og:type\" content=\"article\" \/>\n<meta property=\"og:title\" content=\"Welcome Day: A warm welcome to our International students! - Facult\u00e9 de droit\" \/>\n<meta property=\"og:description\" content=\"The Universit\u00e9 Catholique de Lille is delighted to welcome its new international students to Welcome Day !\" \/>\n<meta property=\"og:url\" content=\"https:\/\/www.fld-lille.fr\/en\/welcome-day-a-warm-welcome-to-our-international-students\/\" \/>\n<meta property=\"og:site_name\" content=\"Facult\u00e9 de droit\" \/>\n<meta property=\"article:publisher\" content=\"https:\/\/www.facebook.com\/FLDLilleParis\/\" \/>\n<meta property=\"article:published_time\" content=\"2025-01-06T13:11:31+00:00\" \/>\n<meta property=\"article:modified_time\" content=\"2025-01-06T13:13:36+00:00\" \/>\n<meta property=\"og:image\" content=\"https:\/\/www.fld-lille.fr\/wp-content\/uploads\/2024\/09\/ACTUS-SITE-FLD-46.png\" \/>\n\t<meta property=\"og:image:width\" content=\"1172\" \/>\n\t<meta property=\"og:image:height\" content=\"619\" \/>\n\t<meta property=\"og:image:type\" content=\"image\/png\" \/>\n<meta name=\"author\" content=\"Marion Berger\" \/>\n<meta name=\"twitter:card\" content=\"summary_large_image\" \/>\n<meta name=\"twitter:label1\" content=\"Written by\" \/>\n\t<meta name=\"twitter:data1\" content=\"Marion Berger\" \/>\n\t<meta name=\"twitter:label2\" content=\"Est. reading time\" \/>\n\t<meta name=\"twitter:data2\" content=\"2 minutes\" \/>\n<script type=\"application\/ld+json\" class=\"yoast-schema-graph\">{\"@context\":\"https:\\\/\\\/schema.org\",\"@graph\":[{\"@type\":\"Article\",\"@id\":\"https:\\\/\\\/www.fld-lille.fr\\\/en\\\/welcome-day-a-warm-welcome-to-our-international-students\\\/#article\",\"isPartOf\":{\"@id\":\"https:\\\/\\\/www.fld-lille.fr\\\/en\\\/welcome-day-a-warm-welcome-to-our-international-students\\\/\"},\"author\":{\"name\":\"Marion Berger\",\"@id\":\"https:\\\/\\\/www.fld-lille.fr\\\/#\\\/schema\\\/person\\\/9b0e7d1ad46caa9440cbb557ca1c7e44\"},\"headline\":\"Welcome Day: A warm welcome to our International students!\",\"datePublished\":\"2025-01-06T13:11:31+00:00\",\"dateModified\":\"2025-01-06T13:13:36+00:00\",\"mainEntityOfPage\":{\"@id\":\"https:\\\/\\\/www.fld-lille.fr\\\/en\\\/welcome-day-a-warm-welcome-to-our-international-students\\\/\"},\"wordCount\":296,\"image\":{\"@id\":\"https:\\\/\\\/www.fld-lille.fr\\\/en\\\/welcome-day-a-warm-welcome-to-our-international-students\\\/#primaryimage\"},\"thumbnailUrl\":\"https:\\\/\\\/www.fld-lille.fr\\\/wp-content\\\/uploads\\\/2024\\\/09\\\/ACTUS-SITE-FLD-46.png\",\"articleSection\":[\"International\",\"Lille\"],\"inLanguage\":\"en-US\"},{\"@type\":\"WebPage\",\"@id\":\"https:\\\/\\\/www.fld-lille.fr\\\/en\\\/welcome-day-a-warm-welcome-to-our-international-students\\\/\",\"url\":\"https:\\\/\\\/www.fld-lille.fr\\\/en\\\/welcome-day-a-warm-welcome-to-our-international-students\\\/\",\"name\":\"Welcome Day: A warm welcome to our International students! - Facult\u00e9 de droit\",\"isPartOf\":{\"@id\":\"https:\\\/\\\/www.fld-lille.fr\\\/#website\"},\"primaryImageOfPage\":{\"@id\":\"https:\\\/\\\/www.fld-lille.fr\\\/en\\\/welcome-day-a-warm-welcome-to-our-international-students\\\/#primaryimage\"},\"image\":{\"@id\":\"https:\\\/\\\/www.fld-lille.fr\\\/en\\\/welcome-day-a-warm-welcome-to-our-international-students\\\/#primaryimage\"},\"thumbnailUrl\":\"https:\\\/\\\/www.fld-lille.fr\\\/wp-content\\\/uploads\\\/2024\\\/09\\\/ACTUS-SITE-FLD-46.png\",\"datePublished\":\"2025-01-06T13:11:31+00:00\",\"dateModified\":\"2025-01-06T13:13:36+00:00\",\"author\":{\"@id\":\"https:\\\/\\\/www.fld-lille.fr\\\/#\\\/schema\\\/person\\\/9b0e7d1ad46caa9440cbb557ca1c7e44\"},\"description\":\"The Universit\u00e9 Catholique de Lille is delighted to welcome its new international students to Welcome Day !\",\"breadcrumb\":{\"@id\":\"https:\\\/\\\/www.fld-lille.fr\\\/en\\\/welcome-day-a-warm-welcome-to-our-international-students\\\/#breadcrumb\"},\"inLanguage\":\"en-US\",\"potentialAction\":[{\"@type\":\"ReadAction\",\"target\":[\"https:\\\/\\\/www.fld-lille.fr\\\/en\\\/welcome-day-a-warm-welcome-to-our-international-students\\\/\"]}]},{\"@type\":\"ImageObject\",\"inLanguage\":\"en-US\",\"@id\":\"https:\\\/\\\/www.fld-lille.fr\\\/en\\\/welcome-day-a-warm-welcome-to-our-international-students\\\/#primaryimage\",\"url\":\"https:\\\/\\\/www.fld-lille.fr\\\/wp-content\\\/uploads\\\/2024\\\/09\\\/ACTUS-SITE-FLD-46.png\",\"contentUrl\":\"https:\\\/\\\/www.fld-lille.fr\\\/wp-content\\\/uploads\\\/2024\\\/09\\\/ACTUS-SITE-FLD-46.png\",\"width\":1172,\"height\":619},{\"@type\":\"BreadcrumbList\",\"@id\":\"https:\\\/\\\/www.fld-lille.fr\\\/en\\\/welcome-day-a-warm-welcome-to-our-international-students\\\/#breadcrumb\",\"itemListElement\":[{\"@type\":\"ListItem\",\"position\":1,\"name\":\"Accueil\",\"item\":\"https:\\\/\\\/www.fld-lille.fr\\\/en\\\/\"},{\"@type\":\"ListItem\",\"position\":2,\"name\":\"Welcome Day: A warm welcome to our International students!\"}]},{\"@type\":\"WebSite\",\"@id\":\"https:\\\/\\\/www.fld-lille.fr\\\/#website\",\"url\":\"https:\\\/\\\/www.fld-lille.fr\\\/\",\"name\":\"Facult\u00e9 de droit\",\"description\":\"Les facult\u00e9s de l&#039;Universit\u00e9 Catholique de Lille\",\"potentialAction\":[{\"@type\":\"SearchAction\",\"target\":{\"@type\":\"EntryPoint\",\"urlTemplate\":\"https:\\\/\\\/www.fld-lille.fr\\\/?s={search_term_string}\"},\"query-input\":{\"@type\":\"PropertyValueSpecification\",\"valueRequired\":true,\"valueName\":\"search_term_string\"}}],\"inLanguage\":\"en-US\"},{\"@type\":\"Person\",\"@id\":\"https:\\\/\\\/www.fld-lille.fr\\\/#\\\/schema\\\/person\\\/9b0e7d1ad46caa9440cbb557ca1c7e44\",\"name\":\"Marion Berger\",\"url\":\"https:\\\/\\\/www.fld-lille.fr\\\/en\\\/author\\\/mberger\\\/\"}]}<\/script>\n<!-- \/ Yoast SEO plugin. -->","yoast_head_json":{"title":"Welcome Day: A warm welcome to our International students! - Facult\u00e9 de droit","description":"The Universit\u00e9 Catholique de Lille is delighted to welcome its new international students to Welcome Day !","robots":{"index":"index","follow":"follow","max-snippet":"max-snippet:-1","max-image-preview":"max-image-preview:large","max-video-preview":"max-video-preview:-1"},"canonical":"https:\/\/www.fld-lille.fr\/en\/welcome-day-a-warm-welcome-to-our-international-students\/","og_locale":"en_US","og_type":"article","og_title":"Welcome Day: A warm welcome to our International students! - Facult\u00e9 de droit","og_description":"The Universit\u00e9 Catholique de Lille is delighted to welcome its new international students to Welcome Day !","og_url":"https:\/\/www.fld-lille.fr\/en\/welcome-day-a-warm-welcome-to-our-international-students\/","og_site_name":"Facult\u00e9 de droit","article_publisher":"https:\/\/www.facebook.com\/FLDLilleParis\/","article_published_time":"2025-01-06T13:11:31+00:00","article_modified_time":"2025-01-06T13:13:36+00:00","og_image":[{"width":1172,"height":619,"url":"https:\/\/www.fld-lille.fr\/wp-content\/uploads\/2024\/09\/ACTUS-SITE-FLD-46.png","type":"image\/png"}],"author":"Marion Berger","twitter_card":"summary_large_image","twitter_misc":{"Written by":"Marion Berger","Est. reading time":"2 minutes"},"schema":{"@context":"https:\/\/schema.org","@graph":[{"@type":"Article","@id":"https:\/\/www.fld-lille.fr\/en\/welcome-day-a-warm-welcome-to-our-international-students\/#article","isPartOf":{"@id":"https:\/\/www.fld-lille.fr\/en\/welcome-day-a-warm-welcome-to-our-international-students\/"},"author":{"name":"Marion Berger","@id":"https:\/\/www.fld-lille.fr\/#\/schema\/person\/9b0e7d1ad46caa9440cbb557ca1c7e44"},"headline":"Welcome Day: A warm welcome to our International students!","datePublished":"2025-01-06T13:11:31+00:00","dateModified":"2025-01-06T13:13:36+00:00","mainEntityOfPage":{"@id":"https:\/\/www.fld-lille.fr\/en\/welcome-day-a-warm-welcome-to-our-international-students\/"},"wordCount":296,"image":{"@id":"https:\/\/www.fld-lille.fr\/en\/welcome-day-a-warm-welcome-to-our-international-students\/#primaryimage"},"thumbnailUrl":"https:\/\/www.fld-lille.fr\/wp-content\/uploads\/2024\/09\/ACTUS-SITE-FLD-46.png","articleSection":["International","Lille"],"inLanguage":"en-US"},{"@type":"WebPage","@id":"https:\/\/www.fld-lille.fr\/en\/welcome-day-a-warm-welcome-to-our-international-students\/","url":"https:\/\/www.fld-lille.fr\/en\/welcome-day-a-warm-welcome-to-our-international-students\/","name":"Welcome Day: A warm welcome to our International students! - Facult\u00e9 de droit","isPartOf":{"@id":"https:\/\/www.fld-lille.fr\/#website"},"primaryImageOfPage":{"@id":"https:\/\/www.fld-lille.fr\/en\/welcome-day-a-warm-welcome-to-our-international-students\/#primaryimage"},"image":{"@id":"https:\/\/www.fld-lille.fr\/en\/welcome-day-a-warm-welcome-to-our-international-students\/#primaryimage"},"thumbnailUrl":"https:\/\/www.fld-lille.fr\/wp-content\/uploads\/2024\/09\/ACTUS-SITE-FLD-46.png","datePublished":"2025-01-06T13:11:31+00:00","dateModified":"2025-01-06T13:13:36+00:00","author":{"@id":"https:\/\/www.fld-lille.fr\/#\/schema\/person\/9b0e7d1ad46caa9440cbb557ca1c7e44"},"description":"The Universit\u00e9 Catholique de Lille is delighted to welcome its new international students to Welcome Day !","breadcrumb":{"@id":"https:\/\/www.fld-lille.fr\/en\/welcome-day-a-warm-welcome-to-our-international-students\/#breadcrumb"},"inLanguage":"en-US","potentialAction":[{"@type":"ReadAction","target":["https:\/\/www.fld-lille.fr\/en\/welcome-day-a-warm-welcome-to-our-international-students\/"]}]},{"@type":"ImageObject","inLanguage":"en-US","@id":"https:\/\/www.fld-lille.fr\/en\/welcome-day-a-warm-welcome-to-our-international-students\/#primaryimage","url":"https:\/\/www.fld-lille.fr\/wp-content\/uploads\/2024\/09\/ACTUS-SITE-FLD-46.png","contentUrl":"https:\/\/www.fld-lille.fr\/wp-content\/uploads\/2024\/09\/ACTUS-SITE-FLD-46.png","width":1172,"height":619},{"@type":"BreadcrumbList","@id":"https:\/\/www.fld-lille.fr\/en\/welcome-day-a-warm-welcome-to-our-international-students\/#breadcrumb","itemListElement":[{"@type":"ListItem","position":1,"name":"Accueil","item":"https:\/\/www.fld-lille.fr\/en\/"},{"@type":"ListItem","position":2,"name":"Welcome Day: A warm welcome to our International students!"}]},{"@type":"WebSite","@id":"https:\/\/www.fld-lille.fr\/#website","url":"https:\/\/www.fld-lille.fr\/","name":"Facult\u00e9 de droit","description":"Les facult\u00e9s de l&#039;Universit\u00e9 Catholique de Lille","potentialAction":[{"@type":"SearchAction","target":{"@type":"EntryPoint","urlTemplate":"https:\/\/www.fld-lille.fr\/?s={search_term_string}"},"query-input":{"@type":"PropertyValueSpecification","valueRequired":true,"valueName":"search_term_string"}}],"inLanguage":"en-US"},{"@type":"Person","@id":"https:\/\/www.fld-lille.fr\/#\/schema\/person\/9b0e7d1ad46caa9440cbb557ca1c7e44","name":"Marion Berger","url":"https:\/\/www.fld-lille.fr\/en\/author\/mberger\/"}]}},"_links":{"self":[{"href":"https:\/\/www.fld-lille.fr\/en\/wp-json\/wp\/v2\/posts\/28397","targetHints":{"allow":["GET"]}}],"collection":[{"href":"https:\/\/www.fld-lille.fr\/en\/wp-json\/wp\/v2\/posts"}],"about":[{"href":"https:\/\/www.fld-lille.fr\/en\/wp-json\/wp\/v2\/types\/post"}],"author":[{"embeddable":true,"href":"https:\/\/www.fld-lille.fr\/en\/wp-json\/wp\/v2\/users\/41"}],"replies":[{"embeddable":true,"href":"https:\/\/www.fld-lille.fr\/en\/wp-json\/wp\/v2\/comments?post=28397"}],"version-history":[{"count":12,"href":"https:\/\/www.fld-lille.fr\/en\/wp-json\/wp\/v2\/posts\/28397\/revisions"}],"predecessor-version":[{"id":29636,"href":"https:\/\/www.fld-lille.fr\/en\/wp-json\/wp\/v2\/posts\/28397\/revisions\/29636"}],"wp:featuredmedia":[{"embeddable":true,"href":"https:\/\/www.fld-lille.fr\/en\/wp-json\/wp\/v2\/media\/29634"}],"wp:attachment":[{"href":"https:\/\/www.fld-lille.fr\/en\/wp-json\/wp\/v2\/media?parent=28397"}],"wp:term":[{"taxonomy":"category","embeddable":true,"href":"https:\/\/www.fld-lille.fr\/en\/wp-json\/wp\/v2\/categories?post=28397"},{"taxonomy":"post_tag","embeddable":true,"href":"https:\/\/www.fld-lille.fr\/en\/wp-json\/wp\/v2\/tags?post=28397"}],"curies":[{"name":"wp","href":"https:\/\/api.w.org\/{rel}","templated":true}]}}