{"id":27665,"date":"2024-05-29T15:39:22","date_gmt":"2024-05-29T14:39:22","guid":{"rendered":"https:\/\/www.fld-lille.fr\/?p=27665"},"modified":"2024-05-29T15:39:42","modified_gmt":"2024-05-29T14:39:42","slug":"europe-month-at-the-fld","status":"publish","type":"post","link":"https:\/\/www.fld-lille.fr\/en\/europe-month-at-the-fld\/","title":{"rendered":"Europe Month at the FLD"},"content":{"rendered":"<p><strong>The Faculty of Law celebrates Europe ! On 9 May 1950<\/strong>, <strong>Robert Schuman<\/strong> presented his proposal for the organisation of Europe: <strong>the Schuman Declaration<\/strong>. It is seen as the <strong>birth certificate of the European Union.<\/strong><\/p>\n<p>At the <strong>Faculty of Law of the Universit\u00e9 Catholique de Lille<\/strong>, as in many other universities in France and Europe, <strong>many events were organized throughout May<\/strong>. A common goal : <strong>raise awareness of European history<\/strong>, its institutions, its challenges, its cultural wealth, its linguistic diversity as well as the <strong>social and economic opportunities <\/strong>it offers its citizens.<\/p>\n<p>A number of <strong>events and activities were organised at the FLD<\/strong> once again this year. This was a great opportunity to highlight <strong>the internationalisation of our two campuses<\/strong>, Lille and Issy-les-Moulineaux, which is one of our faculty&#8217;s core values. It is also a way of showing Europe&#8217;s place in the world and showcasing the <strong>successful international experiences of our students<\/strong>.<\/p>\n<p>In addition, on 16 May, the<strong> International Relations Department of the Universit\u00e9 Catholique de Lille<\/strong> invited its staff to a <strong>European breakfast<\/strong>, reflecting the culinary specialities, both sweet and savoury, of a number of member countries. <strong>An exhibition<\/strong> entitled \u2018The European Union in the blink of an eye\u2019 was organised throughout the week to provide an insight into how the EU works. <strong>A workshop on interculturality<\/strong>, an information stand on<strong> international work experience opportunities<\/strong>\u00a0and a <strong>photo competition<\/strong> on the theme of \u2018Europe: little-known landscapes and cultures\u2019: the success of this 2024 event was a testament to the commitment of the teams involved!<\/p>\n","protected":false},"excerpt":{"rendered":"<p>The Faculty of Law celebrates Europe ! On 9 May 1950, Robert Schuman presented his proposal for the organisation of Europe: the Schuman Declaration. It is seen as the birth certificate of the European Union. At the Faculty of Law of the Universit\u00e9 Catholique de Lille, as in many other universities in France and Europe, [&hellip;]<\/p>\n","protected":false},"author":38,"featured_media":27597,"comment_status":"closed","ping_status":"open","sticky":false,"template":"","format":"standard","meta":{"_acf_changed":false,"footnotes":""},"categories":[722,719],"tags":[],"class_list":["post-27665","post","type-post","status-publish","format-standard","has-post-thumbnail","hentry","category-international-en","category-lille-en"],"acf":[],"yoast_head":"<!-- This site is optimized with the Yoast SEO plugin v27.4 - https:\/\/yoast.com\/product\/yoast-seo-wordpress\/ -->\n<title>Europe Month at the FLD - Facult\u00e9 de droit<\/title>\n<meta name=\"robots\" content=\"index, follow, max-snippet:-1, max-image-preview:large, max-video-preview:-1\" \/>\n<link rel=\"canonical\" href=\"https:\/\/www.fld-lille.fr\/en\/europe-month-at-the-fld\/\" \/>\n<meta property=\"og:locale\" content=\"en_US\" \/>\n<meta property=\"og:type\" content=\"article\" \/>\n<meta property=\"og:title\" content=\"Europe Month at the FLD - Facult\u00e9 de droit\" \/>\n<meta property=\"og:description\" content=\"The Faculty of Law celebrates Europe ! On 9 May 1950, Robert Schuman presented his proposal for the organisation of Europe: the Schuman Declaration. It is seen as the birth certificate of the European Union. At the Faculty of Law of the Universit\u00e9 Catholique de Lille, as in many other universities in France and Europe, [&hellip;]\" \/>\n<meta property=\"og:url\" content=\"https:\/\/www.fld-lille.fr\/en\/europe-month-at-the-fld\/\" \/>\n<meta property=\"og:site_name\" content=\"Facult\u00e9 de droit\" \/>\n<meta property=\"article:publisher\" content=\"https:\/\/www.facebook.com\/FLDLilleParis\/\" \/>\n<meta property=\"article:published_time\" content=\"2024-05-29T14:39:22+00:00\" \/>\n<meta property=\"article:modified_time\" content=\"2024-05-29T14:39:42+00:00\" \/>\n<meta property=\"og:image\" content=\"https:\/\/www.fld-lille.fr\/wp-content\/uploads\/2024\/05\/Fete-de-lEurope-scaled.jpg\" \/>\n\t<meta property=\"og:image:width\" content=\"2560\" \/>\n\t<meta property=\"og:image:height\" content=\"1920\" \/>\n\t<meta property=\"og:image:type\" content=\"image\/jpeg\" \/>\n<meta name=\"author\" content=\"Lea Brunelle\" \/>\n<meta name=\"twitter:card\" content=\"summary_large_image\" \/>\n<meta name=\"twitter:label1\" content=\"Written by\" \/>\n\t<meta name=\"twitter:data1\" content=\"Lea Brunelle\" \/>\n\t<meta name=\"twitter:label2\" content=\"Est. reading time\" \/>\n\t<meta name=\"twitter:data2\" content=\"2 minutes\" \/>\n<script type=\"application\/ld+json\" class=\"yoast-schema-graph\">{\"@context\":\"https:\\\/\\\/schema.org\",\"@graph\":[{\"@type\":\"Article\",\"@id\":\"https:\\\/\\\/www.fld-lille.fr\\\/en\\\/europe-month-at-the-fld\\\/#article\",\"isPartOf\":{\"@id\":\"https:\\\/\\\/www.fld-lille.fr\\\/en\\\/europe-month-at-the-fld\\\/\"},\"author\":{\"name\":\"Lea Brunelle\",\"@id\":\"https:\\\/\\\/www.fld-lille.fr\\\/#\\\/schema\\\/person\\\/b94d196b4217449fed011b5c724895d6\"},\"headline\":\"Europe Month at the FLD\",\"datePublished\":\"2024-05-29T14:39:22+00:00\",\"dateModified\":\"2024-05-29T14:39:42+00:00\",\"mainEntityOfPage\":{\"@id\":\"https:\\\/\\\/www.fld-lille.fr\\\/en\\\/europe-month-at-the-fld\\\/\"},\"wordCount\":256,\"image\":{\"@id\":\"https:\\\/\\\/www.fld-lille.fr\\\/en\\\/europe-month-at-the-fld\\\/#primaryimage\"},\"thumbnailUrl\":\"https:\\\/\\\/www.fld-lille.fr\\\/wp-content\\\/uploads\\\/2024\\\/05\\\/Fete-de-lEurope-scaled.jpg\",\"articleSection\":[\"International\",\"Lille\"],\"inLanguage\":\"en-US\"},{\"@type\":\"WebPage\",\"@id\":\"https:\\\/\\\/www.fld-lille.fr\\\/en\\\/europe-month-at-the-fld\\\/\",\"url\":\"https:\\\/\\\/www.fld-lille.fr\\\/en\\\/europe-month-at-the-fld\\\/\",\"name\":\"Europe Month at the FLD - Facult\u00e9 de droit\",\"isPartOf\":{\"@id\":\"https:\\\/\\\/www.fld-lille.fr\\\/#website\"},\"primaryImageOfPage\":{\"@id\":\"https:\\\/\\\/www.fld-lille.fr\\\/en\\\/europe-month-at-the-fld\\\/#primaryimage\"},\"image\":{\"@id\":\"https:\\\/\\\/www.fld-lille.fr\\\/en\\\/europe-month-at-the-fld\\\/#primaryimage\"},\"thumbnailUrl\":\"https:\\\/\\\/www.fld-lille.fr\\\/wp-content\\\/uploads\\\/2024\\\/05\\\/Fete-de-lEurope-scaled.jpg\",\"datePublished\":\"2024-05-29T14:39:22+00:00\",\"dateModified\":\"2024-05-29T14:39:42+00:00\",\"author\":{\"@id\":\"https:\\\/\\\/www.fld-lille.fr\\\/#\\\/schema\\\/person\\\/b94d196b4217449fed011b5c724895d6\"},\"breadcrumb\":{\"@id\":\"https:\\\/\\\/www.fld-lille.fr\\\/en\\\/europe-month-at-the-fld\\\/#breadcrumb\"},\"inLanguage\":\"en-US\",\"potentialAction\":[{\"@type\":\"ReadAction\",\"target\":[\"https:\\\/\\\/www.fld-lille.fr\\\/en\\\/europe-month-at-the-fld\\\/\"]}]},{\"@type\":\"ImageObject\",\"inLanguage\":\"en-US\",\"@id\":\"https:\\\/\\\/www.fld-lille.fr\\\/en\\\/europe-month-at-the-fld\\\/#primaryimage\",\"url\":\"https:\\\/\\\/www.fld-lille.fr\\\/wp-content\\\/uploads\\\/2024\\\/05\\\/Fete-de-lEurope-scaled.jpg\",\"contentUrl\":\"https:\\\/\\\/www.fld-lille.fr\\\/wp-content\\\/uploads\\\/2024\\\/05\\\/Fete-de-lEurope-scaled.jpg\",\"width\":2560,\"height\":1920},{\"@type\":\"BreadcrumbList\",\"@id\":\"https:\\\/\\\/www.fld-lille.fr\\\/en\\\/europe-month-at-the-fld\\\/#breadcrumb\",\"itemListElement\":[{\"@type\":\"ListItem\",\"position\":1,\"name\":\"Accueil\",\"item\":\"https:\\\/\\\/www.fld-lille.fr\\\/en\\\/\"},{\"@type\":\"ListItem\",\"position\":2,\"name\":\"Europe Month at the FLD\"}]},{\"@type\":\"WebSite\",\"@id\":\"https:\\\/\\\/www.fld-lille.fr\\\/#website\",\"url\":\"https:\\\/\\\/www.fld-lille.fr\\\/\",\"name\":\"Facult\u00e9 de droit\",\"description\":\"Les facult\u00e9s de l&#039;Universit\u00e9 Catholique de Lille\",\"potentialAction\":[{\"@type\":\"SearchAction\",\"target\":{\"@type\":\"EntryPoint\",\"urlTemplate\":\"https:\\\/\\\/www.fld-lille.fr\\\/?s={search_term_string}\"},\"query-input\":{\"@type\":\"PropertyValueSpecification\",\"valueRequired\":true,\"valueName\":\"search_term_string\"}}],\"inLanguage\":\"en-US\"},{\"@type\":\"Person\",\"@id\":\"https:\\\/\\\/www.fld-lille.fr\\\/#\\\/schema\\\/person\\\/b94d196b4217449fed011b5c724895d6\",\"name\":\"Lea Brunelle\",\"url\":\"https:\\\/\\\/www.fld-lille.fr\\\/en\\\/author\\\/lea-brunelle\\\/\"}]}<\/script>\n<!-- \/ Yoast SEO plugin. -->","yoast_head_json":{"title":"Europe Month at the FLD - Facult\u00e9 de droit","robots":{"index":"index","follow":"follow","max-snippet":"max-snippet:-1","max-image-preview":"max-image-preview:large","max-video-preview":"max-video-preview:-1"},"canonical":"https:\/\/www.fld-lille.fr\/en\/europe-month-at-the-fld\/","og_locale":"en_US","og_type":"article","og_title":"Europe Month at the FLD - Facult\u00e9 de droit","og_description":"The Faculty of Law celebrates Europe ! On 9 May 1950, Robert Schuman presented his proposal for the organisation of Europe: the Schuman Declaration. It is seen as the birth certificate of the European Union. At the Faculty of Law of the Universit\u00e9 Catholique de Lille, as in many other universities in France and Europe, [&hellip;]","og_url":"https:\/\/www.fld-lille.fr\/en\/europe-month-at-the-fld\/","og_site_name":"Facult\u00e9 de droit","article_publisher":"https:\/\/www.facebook.com\/FLDLilleParis\/","article_published_time":"2024-05-29T14:39:22+00:00","article_modified_time":"2024-05-29T14:39:42+00:00","og_image":[{"width":2560,"height":1920,"url":"https:\/\/www.fld-lille.fr\/wp-content\/uploads\/2024\/05\/Fete-de-lEurope-scaled.jpg","type":"image\/jpeg"}],"author":"Lea Brunelle","twitter_card":"summary_large_image","twitter_misc":{"Written by":"Lea Brunelle","Est. reading time":"2 minutes"},"schema":{"@context":"https:\/\/schema.org","@graph":[{"@type":"Article","@id":"https:\/\/www.fld-lille.fr\/en\/europe-month-at-the-fld\/#article","isPartOf":{"@id":"https:\/\/www.fld-lille.fr\/en\/europe-month-at-the-fld\/"},"author":{"name":"Lea Brunelle","@id":"https:\/\/www.fld-lille.fr\/#\/schema\/person\/b94d196b4217449fed011b5c724895d6"},"headline":"Europe Month at the FLD","datePublished":"2024-05-29T14:39:22+00:00","dateModified":"2024-05-29T14:39:42+00:00","mainEntityOfPage":{"@id":"https:\/\/www.fld-lille.fr\/en\/europe-month-at-the-fld\/"},"wordCount":256,"image":{"@id":"https:\/\/www.fld-lille.fr\/en\/europe-month-at-the-fld\/#primaryimage"},"thumbnailUrl":"https:\/\/www.fld-lille.fr\/wp-content\/uploads\/2024\/05\/Fete-de-lEurope-scaled.jpg","articleSection":["International","Lille"],"inLanguage":"en-US"},{"@type":"WebPage","@id":"https:\/\/www.fld-lille.fr\/en\/europe-month-at-the-fld\/","url":"https:\/\/www.fld-lille.fr\/en\/europe-month-at-the-fld\/","name":"Europe Month at the FLD - Facult\u00e9 de droit","isPartOf":{"@id":"https:\/\/www.fld-lille.fr\/#website"},"primaryImageOfPage":{"@id":"https:\/\/www.fld-lille.fr\/en\/europe-month-at-the-fld\/#primaryimage"},"image":{"@id":"https:\/\/www.fld-lille.fr\/en\/europe-month-at-the-fld\/#primaryimage"},"thumbnailUrl":"https:\/\/www.fld-lille.fr\/wp-content\/uploads\/2024\/05\/Fete-de-lEurope-scaled.jpg","datePublished":"2024-05-29T14:39:22+00:00","dateModified":"2024-05-29T14:39:42+00:00","author":{"@id":"https:\/\/www.fld-lille.fr\/#\/schema\/person\/b94d196b4217449fed011b5c724895d6"},"breadcrumb":{"@id":"https:\/\/www.fld-lille.fr\/en\/europe-month-at-the-fld\/#breadcrumb"},"inLanguage":"en-US","potentialAction":[{"@type":"ReadAction","target":["https:\/\/www.fld-lille.fr\/en\/europe-month-at-the-fld\/"]}]},{"@type":"ImageObject","inLanguage":"en-US","@id":"https:\/\/www.fld-lille.fr\/en\/europe-month-at-the-fld\/#primaryimage","url":"https:\/\/www.fld-lille.fr\/wp-content\/uploads\/2024\/05\/Fete-de-lEurope-scaled.jpg","contentUrl":"https:\/\/www.fld-lille.fr\/wp-content\/uploads\/2024\/05\/Fete-de-lEurope-scaled.jpg","width":2560,"height":1920},{"@type":"BreadcrumbList","@id":"https:\/\/www.fld-lille.fr\/en\/europe-month-at-the-fld\/#breadcrumb","itemListElement":[{"@type":"ListItem","position":1,"name":"Accueil","item":"https:\/\/www.fld-lille.fr\/en\/"},{"@type":"ListItem","position":2,"name":"Europe Month at the FLD"}]},{"@type":"WebSite","@id":"https:\/\/www.fld-lille.fr\/#website","url":"https:\/\/www.fld-lille.fr\/","name":"Facult\u00e9 de droit","description":"Les facult\u00e9s de l&#039;Universit\u00e9 Catholique de Lille","potentialAction":[{"@type":"SearchAction","target":{"@type":"EntryPoint","urlTemplate":"https:\/\/www.fld-lille.fr\/?s={search_term_string}"},"query-input":{"@type":"PropertyValueSpecification","valueRequired":true,"valueName":"search_term_string"}}],"inLanguage":"en-US"},{"@type":"Person","@id":"https:\/\/www.fld-lille.fr\/#\/schema\/person\/b94d196b4217449fed011b5c724895d6","name":"Lea Brunelle","url":"https:\/\/www.fld-lille.fr\/en\/author\/lea-brunelle\/"}]}},"_links":{"self":[{"href":"https:\/\/www.fld-lille.fr\/en\/wp-json\/wp\/v2\/posts\/27665","targetHints":{"allow":["GET"]}}],"collection":[{"href":"https:\/\/www.fld-lille.fr\/en\/wp-json\/wp\/v2\/posts"}],"about":[{"href":"https:\/\/www.fld-lille.fr\/en\/wp-json\/wp\/v2\/types\/post"}],"author":[{"embeddable":true,"href":"https:\/\/www.fld-lille.fr\/en\/wp-json\/wp\/v2\/users\/38"}],"replies":[{"embeddable":true,"href":"https:\/\/www.fld-lille.fr\/en\/wp-json\/wp\/v2\/comments?post=27665"}],"version-history":[{"count":2,"href":"https:\/\/www.fld-lille.fr\/en\/wp-json\/wp\/v2\/posts\/27665\/revisions"}],"predecessor-version":[{"id":27712,"href":"https:\/\/www.fld-lille.fr\/en\/wp-json\/wp\/v2\/posts\/27665\/revisions\/27712"}],"wp:featuredmedia":[{"embeddable":true,"href":"https:\/\/www.fld-lille.fr\/en\/wp-json\/wp\/v2\/media\/27597"}],"wp:attachment":[{"href":"https:\/\/www.fld-lille.fr\/en\/wp-json\/wp\/v2\/media?parent=27665"}],"wp:term":[{"taxonomy":"category","embeddable":true,"href":"https:\/\/www.fld-lille.fr\/en\/wp-json\/wp\/v2\/categories?post=27665"},{"taxonomy":"post_tag","embeddable":true,"href":"https:\/\/www.fld-lille.fr\/en\/wp-json\/wp\/v2\/tags?post=27665"}],"curies":[{"name":"wp","href":"https:\/\/api.w.org\/{rel}","templated":true}]}}