{"id":24047,"date":"2023-05-03T13:15:28","date_gmt":"2023-05-03T12:15:28","guid":{"rendered":"https:\/\/www.fld-lille.fr\/?p=24047"},"modified":"2023-05-04T08:14:23","modified_gmt":"2023-05-04T07:14:23","slug":"the-fld-celebrates-europe","status":"publish","type":"post","link":"https:\/\/www.fld-lille.fr\/en\/the-fld-celebrates-europe\/","title":{"rendered":"The FLD celebrates Europe!"},"content":{"rendered":"<p><strong>In France and throughout the European Union, Europe Month starts next week! 9 May is the official date for Europe Day as it commemorates the Schuman Declaration, considered the founding act of European construction.<\/strong><\/p>\n<p><strong>At the Universit\u00e9 Catholique de Lille, <\/strong>this month is a way to extend the festivities and several events<\/p>\n<p>Every year at this time, the Faculty of Law organises several <strong>international<\/strong> events related to Europe for students, professors and administrative staff, such as radio broadcasts, film screenings, videos, interviews etc.<\/p>\n<p>This is a great opportunity to promote <strong>the internationalisation of our two campuses<\/strong>, a strong value of our Faculty, by showing concretely the usefulness of Europe and by highlighting the successful <strong>international experiences<\/strong> of our students!<\/p>\n<p>All information on the Europe Month and the initiatives organised for the occasion can be found <a href=\"https:\/\/www.europe-en-france.gouv.fr\/en\/joli-mois-de-leurope\" target=\"_blank\" rel=\"noopener\">here<\/a><\/p>\n<p>This year, the FLD is giving a voice to its students who have gone on an Erasmus mobility or internship all over Europe. Visit the FLD&#8217;s <a href=\"https:\/\/www.instagram.com\/fld_lille_issy\/\" target=\"_blank\" rel=\"noopener\">Instagram account<\/a> on Tuesday 9 May to discover the first student testimony. The rest of the month of May&#8230;<\/p>\n","protected":false},"excerpt":{"rendered":"<p>In France and throughout the European Union, Europe Month starts next week! 9 May is the official date for Europe Day as it commemorates the Schuman Declaration, considered the founding act of European construction. At the Universit\u00e9 Catholique de Lille, this month is a way to extend the festivities and several events Every year at [&hellip;]<\/p>\n","protected":false},"author":38,"featured_media":24044,"comment_status":"closed","ping_status":"open","sticky":false,"template":"","format":"standard","meta":{"_acf_changed":false,"footnotes":""},"categories":[722],"tags":[],"class_list":["post-24047","post","type-post","status-publish","format-standard","has-post-thumbnail","hentry","category-international-en"],"acf":[],"yoast_head":"<!-- This site is optimized with the Yoast SEO plugin v27.4 - https:\/\/yoast.com\/product\/yoast-seo-wordpress\/ -->\n<title>The FLD celebrates Europe! - Facult\u00e9 de droit<\/title>\n<meta name=\"robots\" content=\"index, follow, max-snippet:-1, max-image-preview:large, max-video-preview:-1\" \/>\n<link rel=\"canonical\" href=\"https:\/\/www.fld-lille.fr\/en\/the-fld-celebrates-europe\/\" \/>\n<meta property=\"og:locale\" content=\"en_US\" \/>\n<meta property=\"og:type\" content=\"article\" \/>\n<meta property=\"og:title\" content=\"The FLD celebrates Europe! - Facult\u00e9 de droit\" \/>\n<meta property=\"og:description\" content=\"In France and throughout the European Union, Europe Month starts next week! 9 May is the official date for Europe Day as it commemorates the Schuman Declaration, considered the founding act of European construction. At the Universit\u00e9 Catholique de Lille, this month is a way to extend the festivities and several events Every year at [&hellip;]\" \/>\n<meta property=\"og:url\" content=\"https:\/\/www.fld-lille.fr\/en\/the-fld-celebrates-europe\/\" \/>\n<meta property=\"og:site_name\" content=\"Facult\u00e9 de droit\" \/>\n<meta property=\"article:publisher\" content=\"https:\/\/www.facebook.com\/FLDLilleParis\/\" \/>\n<meta property=\"article:published_time\" content=\"2023-05-03T12:15:28+00:00\" \/>\n<meta property=\"article:modified_time\" content=\"2023-05-04T07:14:23+00:00\" \/>\n<meta property=\"og:image\" content=\"https:\/\/www.fld-lille.fr\/wp-content\/uploads\/2023\/05\/ACTUS-SITE-FLD-1.png\" \/>\n\t<meta property=\"og:image:width\" content=\"375\" \/>\n\t<meta property=\"og:image:height\" content=\"198\" \/>\n\t<meta property=\"og:image:type\" content=\"image\/png\" \/>\n<meta name=\"author\" content=\"Lea Brunelle\" \/>\n<meta name=\"twitter:card\" content=\"summary_large_image\" \/>\n<meta name=\"twitter:label1\" content=\"Written by\" \/>\n\t<meta name=\"twitter:data1\" content=\"Lea Brunelle\" \/>\n\t<meta name=\"twitter:label2\" content=\"Est. reading time\" \/>\n\t<meta name=\"twitter:data2\" content=\"1 minute\" \/>\n<script type=\"application\/ld+json\" class=\"yoast-schema-graph\">{\"@context\":\"https:\\\/\\\/schema.org\",\"@graph\":[{\"@type\":\"Article\",\"@id\":\"https:\\\/\\\/www.fld-lille.fr\\\/en\\\/the-fld-celebrates-europe\\\/#article\",\"isPartOf\":{\"@id\":\"https:\\\/\\\/www.fld-lille.fr\\\/en\\\/the-fld-celebrates-europe\\\/\"},\"author\":{\"name\":\"Lea Brunelle\",\"@id\":\"https:\\\/\\\/www.fld-lille.fr\\\/#\\\/schema\\\/person\\\/b94d196b4217449fed011b5c724895d6\"},\"headline\":\"The FLD celebrates Europe!\",\"datePublished\":\"2023-05-03T12:15:28+00:00\",\"dateModified\":\"2023-05-04T07:14:23+00:00\",\"mainEntityOfPage\":{\"@id\":\"https:\\\/\\\/www.fld-lille.fr\\\/en\\\/the-fld-celebrates-europe\\\/\"},\"wordCount\":184,\"image\":{\"@id\":\"https:\\\/\\\/www.fld-lille.fr\\\/en\\\/the-fld-celebrates-europe\\\/#primaryimage\"},\"thumbnailUrl\":\"https:\\\/\\\/www.fld-lille.fr\\\/wp-content\\\/uploads\\\/2023\\\/05\\\/ACTUS-SITE-FLD-1.png\",\"articleSection\":[\"International\"],\"inLanguage\":\"en-US\"},{\"@type\":\"WebPage\",\"@id\":\"https:\\\/\\\/www.fld-lille.fr\\\/en\\\/the-fld-celebrates-europe\\\/\",\"url\":\"https:\\\/\\\/www.fld-lille.fr\\\/en\\\/the-fld-celebrates-europe\\\/\",\"name\":\"The FLD celebrates Europe! - Facult\u00e9 de droit\",\"isPartOf\":{\"@id\":\"https:\\\/\\\/www.fld-lille.fr\\\/#website\"},\"primaryImageOfPage\":{\"@id\":\"https:\\\/\\\/www.fld-lille.fr\\\/en\\\/the-fld-celebrates-europe\\\/#primaryimage\"},\"image\":{\"@id\":\"https:\\\/\\\/www.fld-lille.fr\\\/en\\\/the-fld-celebrates-europe\\\/#primaryimage\"},\"thumbnailUrl\":\"https:\\\/\\\/www.fld-lille.fr\\\/wp-content\\\/uploads\\\/2023\\\/05\\\/ACTUS-SITE-FLD-1.png\",\"datePublished\":\"2023-05-03T12:15:28+00:00\",\"dateModified\":\"2023-05-04T07:14:23+00:00\",\"author\":{\"@id\":\"https:\\\/\\\/www.fld-lille.fr\\\/#\\\/schema\\\/person\\\/b94d196b4217449fed011b5c724895d6\"},\"breadcrumb\":{\"@id\":\"https:\\\/\\\/www.fld-lille.fr\\\/en\\\/the-fld-celebrates-europe\\\/#breadcrumb\"},\"inLanguage\":\"en-US\",\"potentialAction\":[{\"@type\":\"ReadAction\",\"target\":[\"https:\\\/\\\/www.fld-lille.fr\\\/en\\\/the-fld-celebrates-europe\\\/\"]}]},{\"@type\":\"ImageObject\",\"inLanguage\":\"en-US\",\"@id\":\"https:\\\/\\\/www.fld-lille.fr\\\/en\\\/the-fld-celebrates-europe\\\/#primaryimage\",\"url\":\"https:\\\/\\\/www.fld-lille.fr\\\/wp-content\\\/uploads\\\/2023\\\/05\\\/ACTUS-SITE-FLD-1.png\",\"contentUrl\":\"https:\\\/\\\/www.fld-lille.fr\\\/wp-content\\\/uploads\\\/2023\\\/05\\\/ACTUS-SITE-FLD-1.png\",\"width\":375,\"height\":198},{\"@type\":\"BreadcrumbList\",\"@id\":\"https:\\\/\\\/www.fld-lille.fr\\\/en\\\/the-fld-celebrates-europe\\\/#breadcrumb\",\"itemListElement\":[{\"@type\":\"ListItem\",\"position\":1,\"name\":\"Accueil\",\"item\":\"https:\\\/\\\/www.fld-lille.fr\\\/en\\\/\"},{\"@type\":\"ListItem\",\"position\":2,\"name\":\"The FLD celebrates Europe!\"}]},{\"@type\":\"WebSite\",\"@id\":\"https:\\\/\\\/www.fld-lille.fr\\\/#website\",\"url\":\"https:\\\/\\\/www.fld-lille.fr\\\/\",\"name\":\"Facult\u00e9 de droit\",\"description\":\"Les facult\u00e9s de l&#039;Universit\u00e9 Catholique de Lille\",\"potentialAction\":[{\"@type\":\"SearchAction\",\"target\":{\"@type\":\"EntryPoint\",\"urlTemplate\":\"https:\\\/\\\/www.fld-lille.fr\\\/?s={search_term_string}\"},\"query-input\":{\"@type\":\"PropertyValueSpecification\",\"valueRequired\":true,\"valueName\":\"search_term_string\"}}],\"inLanguage\":\"en-US\"},{\"@type\":\"Person\",\"@id\":\"https:\\\/\\\/www.fld-lille.fr\\\/#\\\/schema\\\/person\\\/b94d196b4217449fed011b5c724895d6\",\"name\":\"Lea Brunelle\",\"url\":\"https:\\\/\\\/www.fld-lille.fr\\\/en\\\/author\\\/lea-brunelle\\\/\"}]}<\/script>\n<!-- \/ Yoast SEO plugin. -->","yoast_head_json":{"title":"The FLD celebrates Europe! - Facult\u00e9 de droit","robots":{"index":"index","follow":"follow","max-snippet":"max-snippet:-1","max-image-preview":"max-image-preview:large","max-video-preview":"max-video-preview:-1"},"canonical":"https:\/\/www.fld-lille.fr\/en\/the-fld-celebrates-europe\/","og_locale":"en_US","og_type":"article","og_title":"The FLD celebrates Europe! - Facult\u00e9 de droit","og_description":"In France and throughout the European Union, Europe Month starts next week! 9 May is the official date for Europe Day as it commemorates the Schuman Declaration, considered the founding act of European construction. At the Universit\u00e9 Catholique de Lille, this month is a way to extend the festivities and several events Every year at [&hellip;]","og_url":"https:\/\/www.fld-lille.fr\/en\/the-fld-celebrates-europe\/","og_site_name":"Facult\u00e9 de droit","article_publisher":"https:\/\/www.facebook.com\/FLDLilleParis\/","article_published_time":"2023-05-03T12:15:28+00:00","article_modified_time":"2023-05-04T07:14:23+00:00","og_image":[{"width":375,"height":198,"url":"https:\/\/www.fld-lille.fr\/wp-content\/uploads\/2023\/05\/ACTUS-SITE-FLD-1.png","type":"image\/png"}],"author":"Lea Brunelle","twitter_card":"summary_large_image","twitter_misc":{"Written by":"Lea Brunelle","Est. reading time":"1 minute"},"schema":{"@context":"https:\/\/schema.org","@graph":[{"@type":"Article","@id":"https:\/\/www.fld-lille.fr\/en\/the-fld-celebrates-europe\/#article","isPartOf":{"@id":"https:\/\/www.fld-lille.fr\/en\/the-fld-celebrates-europe\/"},"author":{"name":"Lea Brunelle","@id":"https:\/\/www.fld-lille.fr\/#\/schema\/person\/b94d196b4217449fed011b5c724895d6"},"headline":"The FLD celebrates Europe!","datePublished":"2023-05-03T12:15:28+00:00","dateModified":"2023-05-04T07:14:23+00:00","mainEntityOfPage":{"@id":"https:\/\/www.fld-lille.fr\/en\/the-fld-celebrates-europe\/"},"wordCount":184,"image":{"@id":"https:\/\/www.fld-lille.fr\/en\/the-fld-celebrates-europe\/#primaryimage"},"thumbnailUrl":"https:\/\/www.fld-lille.fr\/wp-content\/uploads\/2023\/05\/ACTUS-SITE-FLD-1.png","articleSection":["International"],"inLanguage":"en-US"},{"@type":"WebPage","@id":"https:\/\/www.fld-lille.fr\/en\/the-fld-celebrates-europe\/","url":"https:\/\/www.fld-lille.fr\/en\/the-fld-celebrates-europe\/","name":"The FLD celebrates Europe! - Facult\u00e9 de droit","isPartOf":{"@id":"https:\/\/www.fld-lille.fr\/#website"},"primaryImageOfPage":{"@id":"https:\/\/www.fld-lille.fr\/en\/the-fld-celebrates-europe\/#primaryimage"},"image":{"@id":"https:\/\/www.fld-lille.fr\/en\/the-fld-celebrates-europe\/#primaryimage"},"thumbnailUrl":"https:\/\/www.fld-lille.fr\/wp-content\/uploads\/2023\/05\/ACTUS-SITE-FLD-1.png","datePublished":"2023-05-03T12:15:28+00:00","dateModified":"2023-05-04T07:14:23+00:00","author":{"@id":"https:\/\/www.fld-lille.fr\/#\/schema\/person\/b94d196b4217449fed011b5c724895d6"},"breadcrumb":{"@id":"https:\/\/www.fld-lille.fr\/en\/the-fld-celebrates-europe\/#breadcrumb"},"inLanguage":"en-US","potentialAction":[{"@type":"ReadAction","target":["https:\/\/www.fld-lille.fr\/en\/the-fld-celebrates-europe\/"]}]},{"@type":"ImageObject","inLanguage":"en-US","@id":"https:\/\/www.fld-lille.fr\/en\/the-fld-celebrates-europe\/#primaryimage","url":"https:\/\/www.fld-lille.fr\/wp-content\/uploads\/2023\/05\/ACTUS-SITE-FLD-1.png","contentUrl":"https:\/\/www.fld-lille.fr\/wp-content\/uploads\/2023\/05\/ACTUS-SITE-FLD-1.png","width":375,"height":198},{"@type":"BreadcrumbList","@id":"https:\/\/www.fld-lille.fr\/en\/the-fld-celebrates-europe\/#breadcrumb","itemListElement":[{"@type":"ListItem","position":1,"name":"Accueil","item":"https:\/\/www.fld-lille.fr\/en\/"},{"@type":"ListItem","position":2,"name":"The FLD celebrates Europe!"}]},{"@type":"WebSite","@id":"https:\/\/www.fld-lille.fr\/#website","url":"https:\/\/www.fld-lille.fr\/","name":"Facult\u00e9 de droit","description":"Les facult\u00e9s de l&#039;Universit\u00e9 Catholique de Lille","potentialAction":[{"@type":"SearchAction","target":{"@type":"EntryPoint","urlTemplate":"https:\/\/www.fld-lille.fr\/?s={search_term_string}"},"query-input":{"@type":"PropertyValueSpecification","valueRequired":true,"valueName":"search_term_string"}}],"inLanguage":"en-US"},{"@type":"Person","@id":"https:\/\/www.fld-lille.fr\/#\/schema\/person\/b94d196b4217449fed011b5c724895d6","name":"Lea Brunelle","url":"https:\/\/www.fld-lille.fr\/en\/author\/lea-brunelle\/"}]}},"_links":{"self":[{"href":"https:\/\/www.fld-lille.fr\/en\/wp-json\/wp\/v2\/posts\/24047","targetHints":{"allow":["GET"]}}],"collection":[{"href":"https:\/\/www.fld-lille.fr\/en\/wp-json\/wp\/v2\/posts"}],"about":[{"href":"https:\/\/www.fld-lille.fr\/en\/wp-json\/wp\/v2\/types\/post"}],"author":[{"embeddable":true,"href":"https:\/\/www.fld-lille.fr\/en\/wp-json\/wp\/v2\/users\/38"}],"replies":[{"embeddable":true,"href":"https:\/\/www.fld-lille.fr\/en\/wp-json\/wp\/v2\/comments?post=24047"}],"version-history":[{"count":5,"href":"https:\/\/www.fld-lille.fr\/en\/wp-json\/wp\/v2\/posts\/24047\/revisions"}],"predecessor-version":[{"id":24054,"href":"https:\/\/www.fld-lille.fr\/en\/wp-json\/wp\/v2\/posts\/24047\/revisions\/24054"}],"wp:featuredmedia":[{"embeddable":true,"href":"https:\/\/www.fld-lille.fr\/en\/wp-json\/wp\/v2\/media\/24044"}],"wp:attachment":[{"href":"https:\/\/www.fld-lille.fr\/en\/wp-json\/wp\/v2\/media?parent=24047"}],"wp:term":[{"taxonomy":"category","embeddable":true,"href":"https:\/\/www.fld-lille.fr\/en\/wp-json\/wp\/v2\/categories?post=24047"},{"taxonomy":"post_tag","embeddable":true,"href":"https:\/\/www.fld-lille.fr\/en\/wp-json\/wp\/v2\/tags?post=24047"}],"curies":[{"name":"wp","href":"https:\/\/api.w.org\/{rel}","templated":true}]}}