{"id":21779,"date":"2022-11-16T09:45:59","date_gmt":"2022-11-16T08:45:59","guid":{"rendered":"https:\/\/www.fld-lille.fr\/?p=21779"},"modified":"2022-11-16T09:45:59","modified_gmt":"2022-11-16T08:45:59","slug":"2022-law-career-network-a-day-full-of-meetings","status":"publish","type":"post","link":"https:\/\/www.fld-lille.fr\/en\/2022-law-career-network-a-day-full-of-meetings\/","title":{"rendered":"2022 Law Career &#038; Network: a day full of meetings!"},"content":{"rendered":"<p>Always more involved in <strong>accompanying our students towards the professional world, our Law Career &amp; Network 2022<\/strong> session took place on Thursday 10 November in the brand new 5th floor of our Faculty.<\/p>\n<p><strong>Open to all international Masters students on the Lille campus:<\/strong><\/p>\n<ul>\n<li>Business Law &amp; Management<\/li>\n<li>Masters in International &amp; european organisations<\/li>\n<li>Masters in International &amp; European Law<\/li>\n<li>Masters in Business and Competition Law<\/li>\n<li>Masters in Human Rights, Security and Development<\/li>\n<\/ul>\n<p>The aim of this event was to allow them to <strong>meet renowned companies<\/strong> and to offer them the opportunity to network in order <strong>to find an internship<\/strong>.<\/p>\n<p>Companies that attended:<\/p>\n<ul>\n<li>EY<\/li>\n<li>Norton Rose Fullbright<\/li>\n<li>KMPG<\/li>\n<li>Clearly Gottlieb<\/li>\n<li>Bignon Lebray<\/li>\n<li>BCTG Avocats<\/li>\n<li>Loi &amp; Strat\u00e9gies<\/li>\n<li>Theret &amp; Associ\u00e9s<\/li>\n<li>Lille Legal<\/li>\n<li>GGV Avocats<\/li>\n<li>Client Earth<\/li>\n<li>Alstom<\/li>\n<\/ul>\n<p><strong>We would like to warmly thank all the companies for their commitment and involvement with our students.<\/strong><\/p>\n<p>This moment was also a great opportunity for our students<strong> to expand their network and refine their CVs, cover letters and visibility on professional networks such as LinkedIn<\/strong> thanks to the workshops set up especially to accompany them. Among the highlights of the day: particularly enriching remote testimonies on themes related to Human Rights, but also the presence of <strong>Alumnis who came to share their experience<\/strong> of the professional world with kindness.<\/p>\n<p><iframe loading=\"lazy\" src=\"\/\/www.youtube.com\/embed\/QhfXkhZ67F0\" width=\"560\" height=\"314\" allowfullscreen=\"allowfullscreen\" data-mce-fragment=\"1\"><\/iframe><\/p>\n<p style=\"text-align: center;\"><strong>See you next year for a new session of the Law Career &amp; Network on Friday 10 November 2023!<\/strong><\/p>\n<p style=\"text-align: center;\"><strong><em>Info &amp; registration:<\/em><\/strong><br \/>\nAude Allard &#8211; <a href=\"mailto:aude.allard@univ-catholille.fr\" target=\"_blank\" rel=\"noopener\">aude.allard@univ-catholille.fr<\/a><\/p>\n","protected":false},"excerpt":{"rendered":"<p>Always more involved in accompanying our students towards the professional world, our Law Career &amp; Network 2022 session took place on Thursday 10 November in the brand new 5th floor of our Faculty. Open to all international Masters students on the Lille campus: Business Law &amp; Management Masters in International &amp; european organisations Masters in [&hellip;]<\/p>\n","protected":false},"author":38,"featured_media":21765,"comment_status":"closed","ping_status":"open","sticky":false,"template":"","format":"standard","meta":{"_acf_changed":false,"footnotes":""},"categories":[722,719],"tags":[],"class_list":["post-21779","post","type-post","status-publish","format-standard","has-post-thumbnail","hentry","category-international-en","category-lille-en"],"acf":[],"yoast_head":"<!-- This site is optimized with the Yoast SEO plugin v27.4 - https:\/\/yoast.com\/product\/yoast-seo-wordpress\/ -->\n<title>2022 Law Career &amp; Network: a day full of meetings! - Facult\u00e9 de droit<\/title>\n<meta name=\"robots\" content=\"index, follow, max-snippet:-1, max-image-preview:large, max-video-preview:-1\" \/>\n<link rel=\"canonical\" href=\"https:\/\/www.fld-lille.fr\/en\/2022-law-career-network-a-day-full-of-meetings\/\" \/>\n<meta property=\"og:locale\" content=\"en_US\" \/>\n<meta property=\"og:type\" content=\"article\" \/>\n<meta property=\"og:title\" content=\"2022 Law Career &amp; Network: a day full of meetings! - Facult\u00e9 de droit\" \/>\n<meta property=\"og:description\" content=\"Always more involved in accompanying our students towards the professional world, our Law Career &amp; Network 2022 session took place on Thursday 10 November in the brand new 5th floor of our Faculty. Open to all international Masters students on the Lille campus: Business Law &amp; Management Masters in International &amp; european organisations Masters in [&hellip;]\" \/>\n<meta property=\"og:url\" content=\"https:\/\/www.fld-lille.fr\/en\/2022-law-career-network-a-day-full-of-meetings\/\" \/>\n<meta property=\"og:site_name\" content=\"Facult\u00e9 de droit\" \/>\n<meta property=\"article:publisher\" content=\"https:\/\/www.facebook.com\/FLDLilleParis\/\" \/>\n<meta property=\"article:published_time\" content=\"2022-11-16T08:45:59+00:00\" \/>\n<meta property=\"og:image\" content=\"https:\/\/www.fld-lille.fr\/wp-content\/uploads\/2022\/11\/312412718_8350797781659968_3776297078879198463_n.jpg\" \/>\n\t<meta property=\"og:image:width\" content=\"1436\" \/>\n\t<meta property=\"og:image:height\" content=\"888\" \/>\n\t<meta property=\"og:image:type\" content=\"image\/jpeg\" \/>\n<meta name=\"author\" content=\"Lea Brunelle\" \/>\n<meta name=\"twitter:card\" content=\"summary_large_image\" \/>\n<meta name=\"twitter:label1\" content=\"Written by\" \/>\n\t<meta name=\"twitter:data1\" content=\"Lea Brunelle\" \/>\n\t<meta name=\"twitter:label2\" content=\"Est. reading time\" \/>\n\t<meta name=\"twitter:data2\" content=\"2 minutes\" \/>\n<script type=\"application\/ld+json\" class=\"yoast-schema-graph\">{\"@context\":\"https:\\\/\\\/schema.org\",\"@graph\":[{\"@type\":\"Article\",\"@id\":\"https:\\\/\\\/www.fld-lille.fr\\\/en\\\/2022-law-career-network-a-day-full-of-meetings\\\/#article\",\"isPartOf\":{\"@id\":\"https:\\\/\\\/www.fld-lille.fr\\\/en\\\/2022-law-career-network-a-day-full-of-meetings\\\/\"},\"author\":{\"name\":\"Lea Brunelle\",\"@id\":\"https:\\\/\\\/www.fld-lille.fr\\\/#\\\/schema\\\/person\\\/b94d196b4217449fed011b5c724895d6\"},\"headline\":\"2022 Law Career &#038; Network: a day full of meetings!\",\"datePublished\":\"2022-11-16T08:45:59+00:00\",\"mainEntityOfPage\":{\"@id\":\"https:\\\/\\\/www.fld-lille.fr\\\/en\\\/2022-law-career-network-a-day-full-of-meetings\\\/\"},\"wordCount\":250,\"image\":{\"@id\":\"https:\\\/\\\/www.fld-lille.fr\\\/en\\\/2022-law-career-network-a-day-full-of-meetings\\\/#primaryimage\"},\"thumbnailUrl\":\"https:\\\/\\\/www.fld-lille.fr\\\/wp-content\\\/uploads\\\/2022\\\/11\\\/312412718_8350797781659968_3776297078879198463_n.jpg\",\"articleSection\":[\"International\",\"Lille\"],\"inLanguage\":\"en-US\"},{\"@type\":\"WebPage\",\"@id\":\"https:\\\/\\\/www.fld-lille.fr\\\/en\\\/2022-law-career-network-a-day-full-of-meetings\\\/\",\"url\":\"https:\\\/\\\/www.fld-lille.fr\\\/en\\\/2022-law-career-network-a-day-full-of-meetings\\\/\",\"name\":\"2022 Law Career & Network: a day full of meetings! - Facult\u00e9 de droit\",\"isPartOf\":{\"@id\":\"https:\\\/\\\/www.fld-lille.fr\\\/#website\"},\"primaryImageOfPage\":{\"@id\":\"https:\\\/\\\/www.fld-lille.fr\\\/en\\\/2022-law-career-network-a-day-full-of-meetings\\\/#primaryimage\"},\"image\":{\"@id\":\"https:\\\/\\\/www.fld-lille.fr\\\/en\\\/2022-law-career-network-a-day-full-of-meetings\\\/#primaryimage\"},\"thumbnailUrl\":\"https:\\\/\\\/www.fld-lille.fr\\\/wp-content\\\/uploads\\\/2022\\\/11\\\/312412718_8350797781659968_3776297078879198463_n.jpg\",\"datePublished\":\"2022-11-16T08:45:59+00:00\",\"author\":{\"@id\":\"https:\\\/\\\/www.fld-lille.fr\\\/#\\\/schema\\\/person\\\/b94d196b4217449fed011b5c724895d6\"},\"breadcrumb\":{\"@id\":\"https:\\\/\\\/www.fld-lille.fr\\\/en\\\/2022-law-career-network-a-day-full-of-meetings\\\/#breadcrumb\"},\"inLanguage\":\"en-US\",\"potentialAction\":[{\"@type\":\"ReadAction\",\"target\":[\"https:\\\/\\\/www.fld-lille.fr\\\/en\\\/2022-law-career-network-a-day-full-of-meetings\\\/\"]}]},{\"@type\":\"ImageObject\",\"inLanguage\":\"en-US\",\"@id\":\"https:\\\/\\\/www.fld-lille.fr\\\/en\\\/2022-law-career-network-a-day-full-of-meetings\\\/#primaryimage\",\"url\":\"https:\\\/\\\/www.fld-lille.fr\\\/wp-content\\\/uploads\\\/2022\\\/11\\\/312412718_8350797781659968_3776297078879198463_n.jpg\",\"contentUrl\":\"https:\\\/\\\/www.fld-lille.fr\\\/wp-content\\\/uploads\\\/2022\\\/11\\\/312412718_8350797781659968_3776297078879198463_n.jpg\",\"width\":1436,\"height\":888},{\"@type\":\"BreadcrumbList\",\"@id\":\"https:\\\/\\\/www.fld-lille.fr\\\/en\\\/2022-law-career-network-a-day-full-of-meetings\\\/#breadcrumb\",\"itemListElement\":[{\"@type\":\"ListItem\",\"position\":1,\"name\":\"Accueil\",\"item\":\"https:\\\/\\\/www.fld-lille.fr\\\/en\\\/\"},{\"@type\":\"ListItem\",\"position\":2,\"name\":\"2022 Law Career &#038; Network: a day full of meetings!\"}]},{\"@type\":\"WebSite\",\"@id\":\"https:\\\/\\\/www.fld-lille.fr\\\/#website\",\"url\":\"https:\\\/\\\/www.fld-lille.fr\\\/\",\"name\":\"Facult\u00e9 de droit\",\"description\":\"Les facult\u00e9s de l&#039;Universit\u00e9 Catholique de Lille\",\"potentialAction\":[{\"@type\":\"SearchAction\",\"target\":{\"@type\":\"EntryPoint\",\"urlTemplate\":\"https:\\\/\\\/www.fld-lille.fr\\\/?s={search_term_string}\"},\"query-input\":{\"@type\":\"PropertyValueSpecification\",\"valueRequired\":true,\"valueName\":\"search_term_string\"}}],\"inLanguage\":\"en-US\"},{\"@type\":\"Person\",\"@id\":\"https:\\\/\\\/www.fld-lille.fr\\\/#\\\/schema\\\/person\\\/b94d196b4217449fed011b5c724895d6\",\"name\":\"Lea Brunelle\",\"url\":\"https:\\\/\\\/www.fld-lille.fr\\\/en\\\/author\\\/lea-brunelle\\\/\"}]}<\/script>\n<!-- \/ Yoast SEO plugin. -->","yoast_head_json":{"title":"2022 Law Career & Network: a day full of meetings! - Facult\u00e9 de droit","robots":{"index":"index","follow":"follow","max-snippet":"max-snippet:-1","max-image-preview":"max-image-preview:large","max-video-preview":"max-video-preview:-1"},"canonical":"https:\/\/www.fld-lille.fr\/en\/2022-law-career-network-a-day-full-of-meetings\/","og_locale":"en_US","og_type":"article","og_title":"2022 Law Career & Network: a day full of meetings! - Facult\u00e9 de droit","og_description":"Always more involved in accompanying our students towards the professional world, our Law Career &amp; Network 2022 session took place on Thursday 10 November in the brand new 5th floor of our Faculty. Open to all international Masters students on the Lille campus: Business Law &amp; Management Masters in International &amp; european organisations Masters in [&hellip;]","og_url":"https:\/\/www.fld-lille.fr\/en\/2022-law-career-network-a-day-full-of-meetings\/","og_site_name":"Facult\u00e9 de droit","article_publisher":"https:\/\/www.facebook.com\/FLDLilleParis\/","article_published_time":"2022-11-16T08:45:59+00:00","og_image":[{"width":1436,"height":888,"url":"https:\/\/www.fld-lille.fr\/wp-content\/uploads\/2022\/11\/312412718_8350797781659968_3776297078879198463_n.jpg","type":"image\/jpeg"}],"author":"Lea Brunelle","twitter_card":"summary_large_image","twitter_misc":{"Written by":"Lea Brunelle","Est. reading time":"2 minutes"},"schema":{"@context":"https:\/\/schema.org","@graph":[{"@type":"Article","@id":"https:\/\/www.fld-lille.fr\/en\/2022-law-career-network-a-day-full-of-meetings\/#article","isPartOf":{"@id":"https:\/\/www.fld-lille.fr\/en\/2022-law-career-network-a-day-full-of-meetings\/"},"author":{"name":"Lea Brunelle","@id":"https:\/\/www.fld-lille.fr\/#\/schema\/person\/b94d196b4217449fed011b5c724895d6"},"headline":"2022 Law Career &#038; Network: a day full of meetings!","datePublished":"2022-11-16T08:45:59+00:00","mainEntityOfPage":{"@id":"https:\/\/www.fld-lille.fr\/en\/2022-law-career-network-a-day-full-of-meetings\/"},"wordCount":250,"image":{"@id":"https:\/\/www.fld-lille.fr\/en\/2022-law-career-network-a-day-full-of-meetings\/#primaryimage"},"thumbnailUrl":"https:\/\/www.fld-lille.fr\/wp-content\/uploads\/2022\/11\/312412718_8350797781659968_3776297078879198463_n.jpg","articleSection":["International","Lille"],"inLanguage":"en-US"},{"@type":"WebPage","@id":"https:\/\/www.fld-lille.fr\/en\/2022-law-career-network-a-day-full-of-meetings\/","url":"https:\/\/www.fld-lille.fr\/en\/2022-law-career-network-a-day-full-of-meetings\/","name":"2022 Law Career & Network: a day full of meetings! - Facult\u00e9 de droit","isPartOf":{"@id":"https:\/\/www.fld-lille.fr\/#website"},"primaryImageOfPage":{"@id":"https:\/\/www.fld-lille.fr\/en\/2022-law-career-network-a-day-full-of-meetings\/#primaryimage"},"image":{"@id":"https:\/\/www.fld-lille.fr\/en\/2022-law-career-network-a-day-full-of-meetings\/#primaryimage"},"thumbnailUrl":"https:\/\/www.fld-lille.fr\/wp-content\/uploads\/2022\/11\/312412718_8350797781659968_3776297078879198463_n.jpg","datePublished":"2022-11-16T08:45:59+00:00","author":{"@id":"https:\/\/www.fld-lille.fr\/#\/schema\/person\/b94d196b4217449fed011b5c724895d6"},"breadcrumb":{"@id":"https:\/\/www.fld-lille.fr\/en\/2022-law-career-network-a-day-full-of-meetings\/#breadcrumb"},"inLanguage":"en-US","potentialAction":[{"@type":"ReadAction","target":["https:\/\/www.fld-lille.fr\/en\/2022-law-career-network-a-day-full-of-meetings\/"]}]},{"@type":"ImageObject","inLanguage":"en-US","@id":"https:\/\/www.fld-lille.fr\/en\/2022-law-career-network-a-day-full-of-meetings\/#primaryimage","url":"https:\/\/www.fld-lille.fr\/wp-content\/uploads\/2022\/11\/312412718_8350797781659968_3776297078879198463_n.jpg","contentUrl":"https:\/\/www.fld-lille.fr\/wp-content\/uploads\/2022\/11\/312412718_8350797781659968_3776297078879198463_n.jpg","width":1436,"height":888},{"@type":"BreadcrumbList","@id":"https:\/\/www.fld-lille.fr\/en\/2022-law-career-network-a-day-full-of-meetings\/#breadcrumb","itemListElement":[{"@type":"ListItem","position":1,"name":"Accueil","item":"https:\/\/www.fld-lille.fr\/en\/"},{"@type":"ListItem","position":2,"name":"2022 Law Career &#038; Network: a day full of meetings!"}]},{"@type":"WebSite","@id":"https:\/\/www.fld-lille.fr\/#website","url":"https:\/\/www.fld-lille.fr\/","name":"Facult\u00e9 de droit","description":"Les facult\u00e9s de l&#039;Universit\u00e9 Catholique de Lille","potentialAction":[{"@type":"SearchAction","target":{"@type":"EntryPoint","urlTemplate":"https:\/\/www.fld-lille.fr\/?s={search_term_string}"},"query-input":{"@type":"PropertyValueSpecification","valueRequired":true,"valueName":"search_term_string"}}],"inLanguage":"en-US"},{"@type":"Person","@id":"https:\/\/www.fld-lille.fr\/#\/schema\/person\/b94d196b4217449fed011b5c724895d6","name":"Lea Brunelle","url":"https:\/\/www.fld-lille.fr\/en\/author\/lea-brunelle\/"}]}},"_links":{"self":[{"href":"https:\/\/www.fld-lille.fr\/en\/wp-json\/wp\/v2\/posts\/21779","targetHints":{"allow":["GET"]}}],"collection":[{"href":"https:\/\/www.fld-lille.fr\/en\/wp-json\/wp\/v2\/posts"}],"about":[{"href":"https:\/\/www.fld-lille.fr\/en\/wp-json\/wp\/v2\/types\/post"}],"author":[{"embeddable":true,"href":"https:\/\/www.fld-lille.fr\/en\/wp-json\/wp\/v2\/users\/38"}],"replies":[{"embeddable":true,"href":"https:\/\/www.fld-lille.fr\/en\/wp-json\/wp\/v2\/comments?post=21779"}],"version-history":[{"count":2,"href":"https:\/\/www.fld-lille.fr\/en\/wp-json\/wp\/v2\/posts\/21779\/revisions"}],"predecessor-version":[{"id":21786,"href":"https:\/\/www.fld-lille.fr\/en\/wp-json\/wp\/v2\/posts\/21779\/revisions\/21786"}],"wp:featuredmedia":[{"embeddable":true,"href":"https:\/\/www.fld-lille.fr\/en\/wp-json\/wp\/v2\/media\/21765"}],"wp:attachment":[{"href":"https:\/\/www.fld-lille.fr\/en\/wp-json\/wp\/v2\/media?parent=21779"}],"wp:term":[{"taxonomy":"category","embeddable":true,"href":"https:\/\/www.fld-lille.fr\/en\/wp-json\/wp\/v2\/categories?post=21779"},{"taxonomy":"post_tag","embeddable":true,"href":"https:\/\/www.fld-lille.fr\/en\/wp-json\/wp\/v2\/tags?post=21779"}],"curies":[{"name":"wp","href":"https:\/\/api.w.org\/{rel}","templated":true}]}}