{"id":20937,"date":"2022-09-29T16:45:17","date_gmt":"2022-09-29T15:45:17","guid":{"rendered":"https:\/\/www.fld-lille.fr\/?p=20937"},"modified":"2022-09-29T16:47:20","modified_gmt":"2022-09-29T15:47:20","slug":"a-great-success-for-our-6th-masterclass-reassessing-europes-ambition","status":"publish","type":"post","link":"https:\/\/www.fld-lille.fr\/en\/a-great-success-for-our-6th-masterclass-reassessing-europes-ambition\/","title":{"rendered":"A great success for our 6th Masterclass &#8220;Reassessing Europe&#8217;s Ambition&#8221;"},"content":{"rendered":"<h2 style=\"text-align: center;\">A 2022 Masterclass dedicated to Europe<\/h2>\n<h3 style=\"text-align: center;\"><strong>\u00ab How has Europe thought of itself as a global actor for peace and how does it define this role today in a fragmented international system? \u00bb<\/strong><\/h3>\n<p>This year&#8217;s theme, &#8220;Reassessing Europe&#8217;s Ambition&#8221;, aimed to answer this question. At a time when war has returned to European territory, we asked ourselves about Europe&#8217;s ambitions to build a peaceful model of cooperation between peoples and states. For one week, international speakers were able to exchange with students and the general public during open conferences.<\/p>\n<p>The Masterclass &#8220;Global Actors for Peace&#8221; is a bilingual (English, French) programme bringing together specialists in the field, with the aim of analysing the role and potential of organisations from all over the world (non-state) in the construction of a sustainable international peace.<\/p>\n<p>It therefore focuses on the role that NGOs, international organisations, academic and civil society experts, regional and international courts can play in building a global peace between states.<\/p>\n<p>This series of scientific conferences is part of the type of dialogue cultivated through Peace <em>Studies<\/em>, which is very present abroad but still too little addressed in France.<\/p>\n<p>This year, the Masterclass took place from 19 to 24 September 2022 in a hybrid format and all lectures could be followed online.<\/p>\n<p>&nbsp;<\/p>\n<h4 style=\"text-align: center;\"><span style=\"color: #ff0000;\">We would like to give a warm thank you to all of our participants, including:<\/span><\/h4>\n<ul>\n<li><strong>Giuliano Amato<\/strong>, President, Italian Constitutional Court, Italy<\/li>\n<li><strong>Thierry Chopin<\/strong>, President of the Committee for Reflection and Proposals on the French Presidency of the Council of the European Union (PFUE)<\/li>\n<li><strong>Sarah Nouwen<\/strong>, Professor of Public International Law, Italy<\/li>\n<li><strong>Peter Paszolay<\/strong>, Judge, European Court of Human Rights, Hungary<\/li>\n<li><strong>Jacques Ziller<\/strong>, Professor of Public Law &#8211; Panth\u00e9on Sorbonne, Paris<\/li>\n<li><strong>Benedetta Barbisan<\/strong>, Associate Professor of Comparative Constitutional Law, Guillaume Doizy, Associate Professor of Political Science<\/li>\n<li><strong>Jesse Moritz<\/strong>, Associate Professor, University of Leiden, The Netherlands<\/li>\n<li><strong>Gwamaka Kifukwe<\/strong>, Policy Felllow, European Council on Foreign Relations, Paris, France<\/li>\n<li><strong>Lord Jonathan Mance<\/strong>, Former Deputy President of the Supreme Court of the United Kingdom, United Kingdom<\/li>\n<li><strong>C\u00e9line Marang\u00e9<\/strong>, Researcher at the Defense historical service and permanent consultant at the Centre for Analysis, Forecasting and Strategy of the Ministry of Europe and Foreign Affairs<\/li>\n<li><strong>Yves Meny<\/strong>, Researcher in Political Science and French specialist in European institutions<\/li>\n<li><strong>Ladislas Nze Bekale<\/strong>, Head of Facilities Management Unit African Union Commission, Addis Ababa, Ethiopia<\/li>\n<li><strong>Cesare Pinelli<\/strong>, Professor of Constitutional Law, Sapienza University, Rome, Italy<\/li>\n<li><strong>Fr\u00e9d\u00e9ric Ramel<\/strong>, University Professor, Director of Political Science, SciencesPo, Paris, France<\/li>\n<li><strong>Wojciech Sadurski<\/strong>, Challis Professor of Jurisprudence at the University of Sydney Professor of the Centre for Europe at Warsaw University<\/li>\n<li><strong>Anne Tallineau<\/strong>, Secretary-General of the Franco-German Youth Office (FGYO), Paris France<\/li>\n<li><strong>Charles Tenenbaum<\/strong>, Doctor of Political Science, International Mediation and Conflict Resolution, Sciences po Lille, France<\/li>\n<li><strong>Michel Wieviorka<\/strong>, Senior Lecturer in Political Science, Director of Studies at the Ecole des Hautes Etudes en Sciences Sociale, France<\/li>\n<li><strong>Am\u00e9lie Zima<\/strong>, Post-doctoral researcher, Strategic Research Institute of the Military School (IRSEM) and Thucydides Centre (Panth\u00e9on-Assas University), France<\/li>\n<li><strong>Ioannis Panoussis,<\/strong> Dean of the Faculty of Law of the Universit\u00e9 Catholique de Lille, France<\/li>\n<li><strong>Valentina Volpe<\/strong>, Lecturer in public international law, France<\/li>\n<li><strong>Sonia Le Gouriellec<\/strong>, Lecturer in political science, France<\/li>\n<\/ul>\n<h4 style=\"text-align: center;\"><strong><span style=\"color: #ff0000;\">We look forward to seeing you all at the 7th edition in 2023!<\/span><\/strong><\/h4>\n<p><img decoding=\"async\" class=\"alignleft\" src=\"https:\/\/www.fld-lille.fr\/wp-content\/uploads\/2022\/09\/IMG_2772-petit.jpg\" alt=\"\" \/><img decoding=\"async\" class=\"alignright\" src=\"https:\/\/www.fld-lille.fr\/wp-content\/uploads\/2022\/09\/IMG_2770-petit.jpg\" alt=\"\" \/><\/p>\n","protected":false},"excerpt":{"rendered":"<p>A 2022 Masterclass dedicated to Europe \u00ab How has Europe thought of itself as a global actor for peace and how does it define this role today in a fragmented international system? \u00bb This year&#8217;s theme, &#8220;Reassessing Europe&#8217;s Ambition&#8221;, aimed to answer this question. At a time when war has returned to European territory, we [&hellip;]<\/p>\n","protected":false},"author":38,"featured_media":20552,"comment_status":"closed","ping_status":"open","sticky":false,"template":"","format":"standard","meta":{"_acf_changed":false,"footnotes":""},"categories":[722,721],"tags":[],"class_list":["post-20937","post","type-post","status-publish","format-standard","has-post-thumbnail","hentry","category-international-en","category-research"],"acf":[],"yoast_head":"<!-- This site is optimized with the Yoast SEO plugin v27.4 - https:\/\/yoast.com\/product\/yoast-seo-wordpress\/ -->\n<title>A great success for our 6th Masterclass &quot;Reassessing Europe&#039;s Ambition&quot; - Facult\u00e9 de droit<\/title>\n<meta name=\"robots\" content=\"index, follow, max-snippet:-1, max-image-preview:large, max-video-preview:-1\" \/>\n<link rel=\"canonical\" href=\"https:\/\/www.fld-lille.fr\/en\/a-great-success-for-our-6th-masterclass-reassessing-europes-ambition\/\" \/>\n<meta property=\"og:locale\" content=\"en_US\" \/>\n<meta property=\"og:type\" content=\"article\" \/>\n<meta property=\"og:title\" content=\"A great success for our 6th Masterclass &quot;Reassessing Europe&#039;s Ambition&quot; - Facult\u00e9 de droit\" \/>\n<meta property=\"og:description\" content=\"A 2022 Masterclass dedicated to Europe \u00ab How has Europe thought of itself as a global actor for peace and how does it define this role today in a fragmented international system? \u00bb This year&#8217;s theme, &#8220;Reassessing Europe&#8217;s Ambition&#8221;, aimed to answer this question. At a time when war has returned to European territory, we [&hellip;]\" \/>\n<meta property=\"og:url\" content=\"https:\/\/www.fld-lille.fr\/en\/a-great-success-for-our-6th-masterclass-reassessing-europes-ambition\/\" \/>\n<meta property=\"og:site_name\" content=\"Facult\u00e9 de droit\" \/>\n<meta property=\"article:publisher\" content=\"https:\/\/www.facebook.com\/FLDLilleParis\/\" \/>\n<meta property=\"article:published_time\" content=\"2022-09-29T15:45:17+00:00\" \/>\n<meta property=\"article:modified_time\" content=\"2022-09-29T15:47:20+00:00\" \/>\n<meta property=\"og:image\" content=\"https:\/\/www.fld-lille.fr\/wp-content\/uploads\/2022\/09\/MASTERCLASS-2022.jpg\" \/>\n\t<meta property=\"og:image:width\" content=\"841\" \/>\n\t<meta property=\"og:image:height\" content=\"373\" \/>\n\t<meta property=\"og:image:type\" content=\"image\/jpeg\" \/>\n<meta name=\"author\" content=\"Lea Brunelle\" \/>\n<meta name=\"twitter:card\" content=\"summary_large_image\" \/>\n<meta name=\"twitter:label1\" content=\"Written by\" \/>\n\t<meta name=\"twitter:data1\" content=\"Lea Brunelle\" \/>\n\t<meta name=\"twitter:label2\" content=\"Est. reading time\" \/>\n\t<meta name=\"twitter:data2\" content=\"4 minutes\" \/>\n<script type=\"application\/ld+json\" class=\"yoast-schema-graph\">{\"@context\":\"https:\\\/\\\/schema.org\",\"@graph\":[{\"@type\":\"Article\",\"@id\":\"https:\\\/\\\/www.fld-lille.fr\\\/en\\\/a-great-success-for-our-6th-masterclass-reassessing-europes-ambition\\\/#article\",\"isPartOf\":{\"@id\":\"https:\\\/\\\/www.fld-lille.fr\\\/en\\\/a-great-success-for-our-6th-masterclass-reassessing-europes-ambition\\\/\"},\"author\":{\"name\":\"Lea Brunelle\",\"@id\":\"https:\\\/\\\/www.fld-lille.fr\\\/#\\\/schema\\\/person\\\/b94d196b4217449fed011b5c724895d6\"},\"headline\":\"A great success for our 6th Masterclass &#8220;Reassessing Europe&#8217;s Ambition&#8221;\",\"datePublished\":\"2022-09-29T15:45:17+00:00\",\"dateModified\":\"2022-09-29T15:47:20+00:00\",\"mainEntityOfPage\":{\"@id\":\"https:\\\/\\\/www.fld-lille.fr\\\/en\\\/a-great-success-for-our-6th-masterclass-reassessing-europes-ambition\\\/\"},\"wordCount\":549,\"image\":{\"@id\":\"https:\\\/\\\/www.fld-lille.fr\\\/en\\\/a-great-success-for-our-6th-masterclass-reassessing-europes-ambition\\\/#primaryimage\"},\"thumbnailUrl\":\"https:\\\/\\\/www.fld-lille.fr\\\/wp-content\\\/uploads\\\/2022\\\/09\\\/MASTERCLASS-2022.jpg\",\"articleSection\":[\"International\",\"Research\"],\"inLanguage\":\"en-US\"},{\"@type\":\"WebPage\",\"@id\":\"https:\\\/\\\/www.fld-lille.fr\\\/en\\\/a-great-success-for-our-6th-masterclass-reassessing-europes-ambition\\\/\",\"url\":\"https:\\\/\\\/www.fld-lille.fr\\\/en\\\/a-great-success-for-our-6th-masterclass-reassessing-europes-ambition\\\/\",\"name\":\"A great success for our 6th Masterclass \\\"Reassessing Europe's Ambition\\\" - Facult\u00e9 de droit\",\"isPartOf\":{\"@id\":\"https:\\\/\\\/www.fld-lille.fr\\\/#website\"},\"primaryImageOfPage\":{\"@id\":\"https:\\\/\\\/www.fld-lille.fr\\\/en\\\/a-great-success-for-our-6th-masterclass-reassessing-europes-ambition\\\/#primaryimage\"},\"image\":{\"@id\":\"https:\\\/\\\/www.fld-lille.fr\\\/en\\\/a-great-success-for-our-6th-masterclass-reassessing-europes-ambition\\\/#primaryimage\"},\"thumbnailUrl\":\"https:\\\/\\\/www.fld-lille.fr\\\/wp-content\\\/uploads\\\/2022\\\/09\\\/MASTERCLASS-2022.jpg\",\"datePublished\":\"2022-09-29T15:45:17+00:00\",\"dateModified\":\"2022-09-29T15:47:20+00:00\",\"author\":{\"@id\":\"https:\\\/\\\/www.fld-lille.fr\\\/#\\\/schema\\\/person\\\/b94d196b4217449fed011b5c724895d6\"},\"breadcrumb\":{\"@id\":\"https:\\\/\\\/www.fld-lille.fr\\\/en\\\/a-great-success-for-our-6th-masterclass-reassessing-europes-ambition\\\/#breadcrumb\"},\"inLanguage\":\"en-US\",\"potentialAction\":[{\"@type\":\"ReadAction\",\"target\":[\"https:\\\/\\\/www.fld-lille.fr\\\/en\\\/a-great-success-for-our-6th-masterclass-reassessing-europes-ambition\\\/\"]}]},{\"@type\":\"ImageObject\",\"inLanguage\":\"en-US\",\"@id\":\"https:\\\/\\\/www.fld-lille.fr\\\/en\\\/a-great-success-for-our-6th-masterclass-reassessing-europes-ambition\\\/#primaryimage\",\"url\":\"https:\\\/\\\/www.fld-lille.fr\\\/wp-content\\\/uploads\\\/2022\\\/09\\\/MASTERCLASS-2022.jpg\",\"contentUrl\":\"https:\\\/\\\/www.fld-lille.fr\\\/wp-content\\\/uploads\\\/2022\\\/09\\\/MASTERCLASS-2022.jpg\",\"width\":841,\"height\":373},{\"@type\":\"BreadcrumbList\",\"@id\":\"https:\\\/\\\/www.fld-lille.fr\\\/en\\\/a-great-success-for-our-6th-masterclass-reassessing-europes-ambition\\\/#breadcrumb\",\"itemListElement\":[{\"@type\":\"ListItem\",\"position\":1,\"name\":\"Accueil\",\"item\":\"https:\\\/\\\/www.fld-lille.fr\\\/en\\\/\"},{\"@type\":\"ListItem\",\"position\":2,\"name\":\"A great success for our 6th Masterclass \u00ab\u00a0Reassessing Europe&rsquo;s Ambition\u00a0\u00bb\"}]},{\"@type\":\"WebSite\",\"@id\":\"https:\\\/\\\/www.fld-lille.fr\\\/#website\",\"url\":\"https:\\\/\\\/www.fld-lille.fr\\\/\",\"name\":\"Facult\u00e9 de droit\",\"description\":\"Les facult\u00e9s de l&#039;Universit\u00e9 Catholique de Lille\",\"potentialAction\":[{\"@type\":\"SearchAction\",\"target\":{\"@type\":\"EntryPoint\",\"urlTemplate\":\"https:\\\/\\\/www.fld-lille.fr\\\/?s={search_term_string}\"},\"query-input\":{\"@type\":\"PropertyValueSpecification\",\"valueRequired\":true,\"valueName\":\"search_term_string\"}}],\"inLanguage\":\"en-US\"},{\"@type\":\"Person\",\"@id\":\"https:\\\/\\\/www.fld-lille.fr\\\/#\\\/schema\\\/person\\\/b94d196b4217449fed011b5c724895d6\",\"name\":\"Lea Brunelle\",\"url\":\"https:\\\/\\\/www.fld-lille.fr\\\/en\\\/author\\\/lea-brunelle\\\/\"}]}<\/script>\n<!-- \/ Yoast SEO plugin. -->","yoast_head_json":{"title":"A great success for our 6th Masterclass \"Reassessing Europe's Ambition\" - Facult\u00e9 de droit","robots":{"index":"index","follow":"follow","max-snippet":"max-snippet:-1","max-image-preview":"max-image-preview:large","max-video-preview":"max-video-preview:-1"},"canonical":"https:\/\/www.fld-lille.fr\/en\/a-great-success-for-our-6th-masterclass-reassessing-europes-ambition\/","og_locale":"en_US","og_type":"article","og_title":"A great success for our 6th Masterclass \"Reassessing Europe's Ambition\" - Facult\u00e9 de droit","og_description":"A 2022 Masterclass dedicated to Europe \u00ab How has Europe thought of itself as a global actor for peace and how does it define this role today in a fragmented international system? \u00bb This year&#8217;s theme, &#8220;Reassessing Europe&#8217;s Ambition&#8221;, aimed to answer this question. At a time when war has returned to European territory, we [&hellip;]","og_url":"https:\/\/www.fld-lille.fr\/en\/a-great-success-for-our-6th-masterclass-reassessing-europes-ambition\/","og_site_name":"Facult\u00e9 de droit","article_publisher":"https:\/\/www.facebook.com\/FLDLilleParis\/","article_published_time":"2022-09-29T15:45:17+00:00","article_modified_time":"2022-09-29T15:47:20+00:00","og_image":[{"width":841,"height":373,"url":"https:\/\/www.fld-lille.fr\/wp-content\/uploads\/2022\/09\/MASTERCLASS-2022.jpg","type":"image\/jpeg"}],"author":"Lea Brunelle","twitter_card":"summary_large_image","twitter_misc":{"Written by":"Lea Brunelle","Est. reading time":"4 minutes"},"schema":{"@context":"https:\/\/schema.org","@graph":[{"@type":"Article","@id":"https:\/\/www.fld-lille.fr\/en\/a-great-success-for-our-6th-masterclass-reassessing-europes-ambition\/#article","isPartOf":{"@id":"https:\/\/www.fld-lille.fr\/en\/a-great-success-for-our-6th-masterclass-reassessing-europes-ambition\/"},"author":{"name":"Lea Brunelle","@id":"https:\/\/www.fld-lille.fr\/#\/schema\/person\/b94d196b4217449fed011b5c724895d6"},"headline":"A great success for our 6th Masterclass &#8220;Reassessing Europe&#8217;s Ambition&#8221;","datePublished":"2022-09-29T15:45:17+00:00","dateModified":"2022-09-29T15:47:20+00:00","mainEntityOfPage":{"@id":"https:\/\/www.fld-lille.fr\/en\/a-great-success-for-our-6th-masterclass-reassessing-europes-ambition\/"},"wordCount":549,"image":{"@id":"https:\/\/www.fld-lille.fr\/en\/a-great-success-for-our-6th-masterclass-reassessing-europes-ambition\/#primaryimage"},"thumbnailUrl":"https:\/\/www.fld-lille.fr\/wp-content\/uploads\/2022\/09\/MASTERCLASS-2022.jpg","articleSection":["International","Research"],"inLanguage":"en-US"},{"@type":"WebPage","@id":"https:\/\/www.fld-lille.fr\/en\/a-great-success-for-our-6th-masterclass-reassessing-europes-ambition\/","url":"https:\/\/www.fld-lille.fr\/en\/a-great-success-for-our-6th-masterclass-reassessing-europes-ambition\/","name":"A great success for our 6th Masterclass \"Reassessing Europe's Ambition\" - Facult\u00e9 de droit","isPartOf":{"@id":"https:\/\/www.fld-lille.fr\/#website"},"primaryImageOfPage":{"@id":"https:\/\/www.fld-lille.fr\/en\/a-great-success-for-our-6th-masterclass-reassessing-europes-ambition\/#primaryimage"},"image":{"@id":"https:\/\/www.fld-lille.fr\/en\/a-great-success-for-our-6th-masterclass-reassessing-europes-ambition\/#primaryimage"},"thumbnailUrl":"https:\/\/www.fld-lille.fr\/wp-content\/uploads\/2022\/09\/MASTERCLASS-2022.jpg","datePublished":"2022-09-29T15:45:17+00:00","dateModified":"2022-09-29T15:47:20+00:00","author":{"@id":"https:\/\/www.fld-lille.fr\/#\/schema\/person\/b94d196b4217449fed011b5c724895d6"},"breadcrumb":{"@id":"https:\/\/www.fld-lille.fr\/en\/a-great-success-for-our-6th-masterclass-reassessing-europes-ambition\/#breadcrumb"},"inLanguage":"en-US","potentialAction":[{"@type":"ReadAction","target":["https:\/\/www.fld-lille.fr\/en\/a-great-success-for-our-6th-masterclass-reassessing-europes-ambition\/"]}]},{"@type":"ImageObject","inLanguage":"en-US","@id":"https:\/\/www.fld-lille.fr\/en\/a-great-success-for-our-6th-masterclass-reassessing-europes-ambition\/#primaryimage","url":"https:\/\/www.fld-lille.fr\/wp-content\/uploads\/2022\/09\/MASTERCLASS-2022.jpg","contentUrl":"https:\/\/www.fld-lille.fr\/wp-content\/uploads\/2022\/09\/MASTERCLASS-2022.jpg","width":841,"height":373},{"@type":"BreadcrumbList","@id":"https:\/\/www.fld-lille.fr\/en\/a-great-success-for-our-6th-masterclass-reassessing-europes-ambition\/#breadcrumb","itemListElement":[{"@type":"ListItem","position":1,"name":"Accueil","item":"https:\/\/www.fld-lille.fr\/en\/"},{"@type":"ListItem","position":2,"name":"A great success for our 6th Masterclass \u00ab\u00a0Reassessing Europe&rsquo;s Ambition\u00a0\u00bb"}]},{"@type":"WebSite","@id":"https:\/\/www.fld-lille.fr\/#website","url":"https:\/\/www.fld-lille.fr\/","name":"Facult\u00e9 de droit","description":"Les facult\u00e9s de l&#039;Universit\u00e9 Catholique de Lille","potentialAction":[{"@type":"SearchAction","target":{"@type":"EntryPoint","urlTemplate":"https:\/\/www.fld-lille.fr\/?s={search_term_string}"},"query-input":{"@type":"PropertyValueSpecification","valueRequired":true,"valueName":"search_term_string"}}],"inLanguage":"en-US"},{"@type":"Person","@id":"https:\/\/www.fld-lille.fr\/#\/schema\/person\/b94d196b4217449fed011b5c724895d6","name":"Lea Brunelle","url":"https:\/\/www.fld-lille.fr\/en\/author\/lea-brunelle\/"}]}},"_links":{"self":[{"href":"https:\/\/www.fld-lille.fr\/en\/wp-json\/wp\/v2\/posts\/20937","targetHints":{"allow":["GET"]}}],"collection":[{"href":"https:\/\/www.fld-lille.fr\/en\/wp-json\/wp\/v2\/posts"}],"about":[{"href":"https:\/\/www.fld-lille.fr\/en\/wp-json\/wp\/v2\/types\/post"}],"author":[{"embeddable":true,"href":"https:\/\/www.fld-lille.fr\/en\/wp-json\/wp\/v2\/users\/38"}],"replies":[{"embeddable":true,"href":"https:\/\/www.fld-lille.fr\/en\/wp-json\/wp\/v2\/comments?post=20937"}],"version-history":[{"count":6,"href":"https:\/\/www.fld-lille.fr\/en\/wp-json\/wp\/v2\/posts\/20937\/revisions"}],"predecessor-version":[{"id":20946,"href":"https:\/\/www.fld-lille.fr\/en\/wp-json\/wp\/v2\/posts\/20937\/revisions\/20946"}],"wp:featuredmedia":[{"embeddable":true,"href":"https:\/\/www.fld-lille.fr\/en\/wp-json\/wp\/v2\/media\/20552"}],"wp:attachment":[{"href":"https:\/\/www.fld-lille.fr\/en\/wp-json\/wp\/v2\/media?parent=20937"}],"wp:term":[{"taxonomy":"category","embeddable":true,"href":"https:\/\/www.fld-lille.fr\/en\/wp-json\/wp\/v2\/categories?post=20937"},{"taxonomy":"post_tag","embeddable":true,"href":"https:\/\/www.fld-lille.fr\/en\/wp-json\/wp\/v2\/tags?post=20937"}],"curies":[{"name":"wp","href":"https:\/\/api.w.org\/{rel}","templated":true}]}}