{"id":16039,"date":"2021-06-01T14:38:12","date_gmt":"2021-06-01T13:38:12","guid":{"rendered":"https:\/\/www.fld-lille.fr\/?p=16039"},"modified":"2021-06-10T17:15:41","modified_gmt":"2021-06-10T16:15:41","slug":"release-of-the-book-lenfant-et-le-sexe-published-by-dalloz-editions","status":"publish","type":"post","link":"https:\/\/www.fld-lille.fr\/en\/release-of-the-book-lenfant-et-le-sexe-published-by-dalloz-editions\/","title":{"rendered":"Release of the book \u00ab L\u2019enfant et le sexe \u00bb published by Dalloz Editions"},"content":{"rendered":"<p>&nbsp;<\/p>\n<table style=\"width: 100%;border-collapse: collapse\">\n<tbody>\n<tr>\n<td style=\"width: 28.81%;text-align: justify\"><img loading=\"lazy\" decoding=\"async\" class=\"aligncenter\" src=\"https:\/\/www.fld-lille.fr\/wp-content\/uploads\/2016\/12\/mallevaey-blandine.jpg\" alt=\"\" width=\"100\" height=\"100\" \/><\/td>\n<td style=\"width: 32.31%;text-align: justify\"><img loading=\"lazy\" decoding=\"async\" class=\"aligncenter\" src=\"https:\/\/www.fld-lille.fr\/wp-content\/uploads\/2018\/09\/alice.jpg\" alt=\"\" width=\"100\" height=\"100\" \/><\/td>\n<td style=\"width: 38.84%;text-align: justify\">Blandine Mallevaey and Alice Fretin, respectively Professor and Lecturer at the FLD, are very pleased to announce the release of the book they co-edited, &#8220;L&#8217;enfant et le sexe&#8221;.<\/td>\n<\/tr>\n<\/tbody>\n<\/table>\n<p>Blandine Mallevaey et Alice Fretin, respectively Professor and Lecturer at the FLD, are very pleased to announce the releaseby the Dalloz Editions of the book they co-edited, entitled \u201cL\u2019enfant et le sexe\u201d.<\/p>\n<p>This non-standard subject can be understood in different ways, as \u2018child\u2019 and \u2018sex\u2019 have several definitions and contain many issues, which the law sometimes struggles to grasp fully.<\/p>\n<p>This collective work presents twenty-five contributions gathered in three parts : the sex of the child, the sexuality of adults and the child, and the sexuality of the child. The contributions deal with subjects as diverse as intersexed children, transsexed children or victims of sexual violence, the child\u2019s voice, teenage pregnancies, prostitution of minors, sex education, the sexual freedom of the child, etc.<\/p>\n<p><strong>With the contribution of\u00a0:<\/strong>\u00a0Marie-Pascale Allard, Sandie Batista, V\u00e9ronique Borde-Boullu, Laurence Calandri, Fran\u00e7oise Dekeuwer-D\u00e9fossez, Alice Fretin, Elo\u00efse Gennet, Anne-Claire Grandjean, Laurence Guyon, Geoffroy Hilger, Mathilde Hirsinger, L\u00e9a Jardin, Romain Job, Julie Leonhard, Christelle Leprince, Elise Lh\u00e9ritier, Blandine Mallevaey, G\u00e9raldine Mathieu, Catherine M\u00e9nab\u00e9, Pierre Michel, Am\u00e9lie Niemiec, Eric P\u00e9chillon, Alo\u00efse Quesne, Anne-Catherine Rasson, St\u00e9phanie Renard, Marion Rousseaux, Fran\u00e7ois-Xavier Roux-Demare, Fabrice Toulieux, Fran\u00e7ois Vialla.<\/p>\n<p>This book, which is at the heart of the current news, brings together the reflections of private and public law researchers, internists, Europeanists and internationalists on several topics related to children, sex and sexuality, while decompartmentalizing the various branches of law in order to highlight complex notions.<\/p>\n<p>The protection of the body and person of the child, his or her autonomy, discernment and consent are some of the themes questioned. Although the best interest of the child is supposed to be at the heart of each of the issues discussed, the book shows that the very nebulous content of this notion is particularly acute when it comes to considering the interests of the child from the point of view of sex and sexuality.<\/p>\n<p><strong>\u201cL\u2019enfant et le sexe\u201d, co-directed par Alice Fretin and Blandine Mallevaey, 48\u20ac, Dalloz Editions :<\/strong>\u00a0<a href=\"https:\/\/www.boutique-dalloz.fr\/l-enfant-et-le-sexe-p.html\" target=\"_blank\" rel=\"noopener\">https:\/\/www.boutique-dalloz.fr\/l-enfant-et-le-sexe-p.html<\/a><\/p>\n<table style=\"border-collapse: collapse;width: 100%\">\n<tbody>\n<tr>\n<td style=\"width: 23.4503%\"><img loading=\"lazy\" decoding=\"async\" class=\"aligncenter\" src=\"https:\/\/www.fld-lille.fr\/wp-content\/uploads\/2021\/01\/FDD.jpg\" alt=\"https:\/\/www.fld-lille.fr\/wp-content\/uploads\/2021\/01\/FDD.jpg\" width=\"100\" height=\"100\" \/><\/td>\n<td style=\"width: 335.392%\">Blandine Mallevaey and Alice Fretin would like to dedicate this book to Professor Fran\u00e7oise Dekeuwer-D\u00e9fossez and express their deep gratitude for the advice she gave them for this project and more broadly in their scientific activities since the beginning of their thesis.<\/td>\n<\/tr>\n<\/tbody>\n<\/table>\n<p>&nbsp;<\/p>\n<p>L\u2019enfant et le sexe, co-directed by Alice Fretin et Blandine Mallevaey, 48\u20ac, Dalloz Editions : <a href=\"https:\/\/www.boutique-dalloz.fr\/l-enfant-et-le-sexe-p.html\" target=\"_blank\" rel=\"noopener\">https:\/\/www.boutique-dalloz.fr\/l-enfant-et-le-sexe-p.html<\/a><\/p>\n<p style=\"text-align: center\"><a class=\"button\" href=\"https:\/\/www.fld-lille.fr\/wp-content\/uploads\/2021\/01\/Ouvrage-sommaire.pdf\" target=\"_blank\" rel=\"noopener\">BOOK CONTENT<\/a><\/p>\n<p style=\"text-align: center\"><a class=\"button\" href=\"https:\/\/www.fld-lille.fr\/wp-content\/uploads\/2021\/01\/Ouvrage-1ere-de-couverture.pdf\" target=\"_blank\" rel=\"noopener\">BOOK COVER<\/a><\/p>\n<p style=\"text-align: center\"><a class=\"button\" href=\"https:\/\/www.fld-lille.fr\/wp-content\/uploads\/2021\/01\/Ouvrage-4eme-de-couverture.pdf\" target=\"_blank\" rel=\"noopener\">Back cover of the book<\/a><\/p>\n","protected":false},"excerpt":{"rendered":"<p>&nbsp; Blandine Mallevaey and Alice Fretin, respectively Professor and Lecturer at the FLD, are very pleased to announce the release of the book they co-edited, &#8220;L&#8217;enfant et le sexe&#8221;. Blandine Mallevaey et Alice Fretin, respectively Professor and Lecturer at the FLD, are very pleased to announce the releaseby the Dalloz Editions of the book they [&hellip;]<\/p>\n","protected":false},"author":38,"featured_media":15102,"comment_status":"closed","ping_status":"open","sticky":false,"template":"","format":"standard","meta":{"_acf_changed":false,"footnotes":""},"categories":[719,721],"tags":[],"class_list":["post-16039","post","type-post","status-publish","format-standard","has-post-thumbnail","hentry","category-lille-en","category-research"],"acf":[],"yoast_head":"<!-- This site is optimized with the Yoast SEO plugin v27.4 - https:\/\/yoast.com\/product\/yoast-seo-wordpress\/ -->\n<title>Release of the book \u00ab L\u2019enfant et le sexe \u00bb published by Dalloz Editions - Facult\u00e9 de droit<\/title>\n<meta name=\"robots\" content=\"index, follow, max-snippet:-1, max-image-preview:large, max-video-preview:-1\" \/>\n<link rel=\"canonical\" href=\"https:\/\/www.fld-lille.fr\/en\/release-of-the-book-lenfant-et-le-sexe-published-by-dalloz-editions\/\" \/>\n<meta property=\"og:locale\" content=\"en_US\" \/>\n<meta property=\"og:type\" content=\"article\" \/>\n<meta property=\"og:title\" content=\"Release of the book \u00ab L\u2019enfant et le sexe \u00bb published by Dalloz Editions - Facult\u00e9 de droit\" \/>\n<meta property=\"og:description\" content=\"&nbsp; Blandine Mallevaey and Alice Fretin, respectively Professor and Lecturer at the FLD, are very pleased to announce the release of the book they co-edited, &#8220;L&#8217;enfant et le sexe&#8221;. Blandine Mallevaey et Alice Fretin, respectively Professor and Lecturer at the FLD, are very pleased to announce the releaseby the Dalloz Editions of the book they [&hellip;]\" \/>\n<meta property=\"og:url\" content=\"https:\/\/www.fld-lille.fr\/en\/release-of-the-book-lenfant-et-le-sexe-published-by-dalloz-editions\/\" \/>\n<meta property=\"og:site_name\" content=\"Facult\u00e9 de droit\" \/>\n<meta property=\"article:publisher\" content=\"https:\/\/www.facebook.com\/FLDLilleParis\/\" \/>\n<meta property=\"article:published_time\" content=\"2021-06-01T13:38:12+00:00\" \/>\n<meta property=\"article:modified_time\" content=\"2021-06-10T16:15:41+00:00\" \/>\n<meta property=\"og:image\" content=\"https:\/\/www.fld-lille.fr\/wp-content\/uploads\/2021\/01\/LIVRE.jpg\" \/>\n\t<meta property=\"og:image:width\" content=\"375\" \/>\n\t<meta property=\"og:image:height\" content=\"281\" \/>\n\t<meta property=\"og:image:type\" content=\"image\/jpeg\" \/>\n<meta name=\"author\" content=\"Lea Brunelle\" \/>\n<meta name=\"twitter:card\" content=\"summary_large_image\" \/>\n<meta name=\"twitter:label1\" content=\"Written by\" \/>\n\t<meta name=\"twitter:data1\" content=\"Lea Brunelle\" \/>\n\t<meta name=\"twitter:label2\" content=\"Est. reading time\" \/>\n\t<meta name=\"twitter:data2\" content=\"2 minutes\" \/>\n<script type=\"application\/ld+json\" class=\"yoast-schema-graph\">{\"@context\":\"https:\\\/\\\/schema.org\",\"@graph\":[{\"@type\":\"Article\",\"@id\":\"https:\\\/\\\/www.fld-lille.fr\\\/en\\\/release-of-the-book-lenfant-et-le-sexe-published-by-dalloz-editions\\\/#article\",\"isPartOf\":{\"@id\":\"https:\\\/\\\/www.fld-lille.fr\\\/en\\\/release-of-the-book-lenfant-et-le-sexe-published-by-dalloz-editions\\\/\"},\"author\":{\"name\":\"Lea Brunelle\",\"@id\":\"https:\\\/\\\/www.fld-lille.fr\\\/#\\\/schema\\\/person\\\/b94d196b4217449fed011b5c724895d6\"},\"headline\":\"Release of the book \u00ab L\u2019enfant et le sexe \u00bb published by Dalloz Editions\",\"datePublished\":\"2021-06-01T13:38:12+00:00\",\"dateModified\":\"2021-06-10T16:15:41+00:00\",\"mainEntityOfPage\":{\"@id\":\"https:\\\/\\\/www.fld-lille.fr\\\/en\\\/release-of-the-book-lenfant-et-le-sexe-published-by-dalloz-editions\\\/\"},\"wordCount\":460,\"image\":{\"@id\":\"https:\\\/\\\/www.fld-lille.fr\\\/en\\\/release-of-the-book-lenfant-et-le-sexe-published-by-dalloz-editions\\\/#primaryimage\"},\"thumbnailUrl\":\"https:\\\/\\\/www.fld-lille.fr\\\/wp-content\\\/uploads\\\/2021\\\/01\\\/LIVRE.jpg\",\"articleSection\":[\"Lille\",\"Research\"],\"inLanguage\":\"en-US\"},{\"@type\":\"WebPage\",\"@id\":\"https:\\\/\\\/www.fld-lille.fr\\\/en\\\/release-of-the-book-lenfant-et-le-sexe-published-by-dalloz-editions\\\/\",\"url\":\"https:\\\/\\\/www.fld-lille.fr\\\/en\\\/release-of-the-book-lenfant-et-le-sexe-published-by-dalloz-editions\\\/\",\"name\":\"Release of the book \u00ab L\u2019enfant et le sexe \u00bb published by Dalloz Editions - Facult\u00e9 de droit\",\"isPartOf\":{\"@id\":\"https:\\\/\\\/www.fld-lille.fr\\\/#website\"},\"primaryImageOfPage\":{\"@id\":\"https:\\\/\\\/www.fld-lille.fr\\\/en\\\/release-of-the-book-lenfant-et-le-sexe-published-by-dalloz-editions\\\/#primaryimage\"},\"image\":{\"@id\":\"https:\\\/\\\/www.fld-lille.fr\\\/en\\\/release-of-the-book-lenfant-et-le-sexe-published-by-dalloz-editions\\\/#primaryimage\"},\"thumbnailUrl\":\"https:\\\/\\\/www.fld-lille.fr\\\/wp-content\\\/uploads\\\/2021\\\/01\\\/LIVRE.jpg\",\"datePublished\":\"2021-06-01T13:38:12+00:00\",\"dateModified\":\"2021-06-10T16:15:41+00:00\",\"author\":{\"@id\":\"https:\\\/\\\/www.fld-lille.fr\\\/#\\\/schema\\\/person\\\/b94d196b4217449fed011b5c724895d6\"},\"breadcrumb\":{\"@id\":\"https:\\\/\\\/www.fld-lille.fr\\\/en\\\/release-of-the-book-lenfant-et-le-sexe-published-by-dalloz-editions\\\/#breadcrumb\"},\"inLanguage\":\"en-US\",\"potentialAction\":[{\"@type\":\"ReadAction\",\"target\":[\"https:\\\/\\\/www.fld-lille.fr\\\/en\\\/release-of-the-book-lenfant-et-le-sexe-published-by-dalloz-editions\\\/\"]}]},{\"@type\":\"ImageObject\",\"inLanguage\":\"en-US\",\"@id\":\"https:\\\/\\\/www.fld-lille.fr\\\/en\\\/release-of-the-book-lenfant-et-le-sexe-published-by-dalloz-editions\\\/#primaryimage\",\"url\":\"https:\\\/\\\/www.fld-lille.fr\\\/wp-content\\\/uploads\\\/2021\\\/01\\\/LIVRE.jpg\",\"contentUrl\":\"https:\\\/\\\/www.fld-lille.fr\\\/wp-content\\\/uploads\\\/2021\\\/01\\\/LIVRE.jpg\",\"width\":375,\"height\":281},{\"@type\":\"BreadcrumbList\",\"@id\":\"https:\\\/\\\/www.fld-lille.fr\\\/en\\\/release-of-the-book-lenfant-et-le-sexe-published-by-dalloz-editions\\\/#breadcrumb\",\"itemListElement\":[{\"@type\":\"ListItem\",\"position\":1,\"name\":\"Accueil\",\"item\":\"https:\\\/\\\/www.fld-lille.fr\\\/en\\\/\"},{\"@type\":\"ListItem\",\"position\":2,\"name\":\"Release of the book \u00ab L\u2019enfant et le sexe \u00bb published by Dalloz Editions\"}]},{\"@type\":\"WebSite\",\"@id\":\"https:\\\/\\\/www.fld-lille.fr\\\/#website\",\"url\":\"https:\\\/\\\/www.fld-lille.fr\\\/\",\"name\":\"Facult\u00e9 de droit\",\"description\":\"Les facult\u00e9s de l&#039;Universit\u00e9 Catholique de Lille\",\"potentialAction\":[{\"@type\":\"SearchAction\",\"target\":{\"@type\":\"EntryPoint\",\"urlTemplate\":\"https:\\\/\\\/www.fld-lille.fr\\\/?s={search_term_string}\"},\"query-input\":{\"@type\":\"PropertyValueSpecification\",\"valueRequired\":true,\"valueName\":\"search_term_string\"}}],\"inLanguage\":\"en-US\"},{\"@type\":\"Person\",\"@id\":\"https:\\\/\\\/www.fld-lille.fr\\\/#\\\/schema\\\/person\\\/b94d196b4217449fed011b5c724895d6\",\"name\":\"Lea Brunelle\",\"url\":\"https:\\\/\\\/www.fld-lille.fr\\\/en\\\/author\\\/lea-brunelle\\\/\"}]}<\/script>\n<!-- \/ Yoast SEO plugin. -->","yoast_head_json":{"title":"Release of the book \u00ab L\u2019enfant et le sexe \u00bb published by Dalloz Editions - Facult\u00e9 de droit","robots":{"index":"index","follow":"follow","max-snippet":"max-snippet:-1","max-image-preview":"max-image-preview:large","max-video-preview":"max-video-preview:-1"},"canonical":"https:\/\/www.fld-lille.fr\/en\/release-of-the-book-lenfant-et-le-sexe-published-by-dalloz-editions\/","og_locale":"en_US","og_type":"article","og_title":"Release of the book \u00ab L\u2019enfant et le sexe \u00bb published by Dalloz Editions - Facult\u00e9 de droit","og_description":"&nbsp; Blandine Mallevaey and Alice Fretin, respectively Professor and Lecturer at the FLD, are very pleased to announce the release of the book they co-edited, &#8220;L&#8217;enfant et le sexe&#8221;. Blandine Mallevaey et Alice Fretin, respectively Professor and Lecturer at the FLD, are very pleased to announce the releaseby the Dalloz Editions of the book they [&hellip;]","og_url":"https:\/\/www.fld-lille.fr\/en\/release-of-the-book-lenfant-et-le-sexe-published-by-dalloz-editions\/","og_site_name":"Facult\u00e9 de droit","article_publisher":"https:\/\/www.facebook.com\/FLDLilleParis\/","article_published_time":"2021-06-01T13:38:12+00:00","article_modified_time":"2021-06-10T16:15:41+00:00","og_image":[{"width":375,"height":281,"url":"https:\/\/www.fld-lille.fr\/wp-content\/uploads\/2021\/01\/LIVRE.jpg","type":"image\/jpeg"}],"author":"Lea Brunelle","twitter_card":"summary_large_image","twitter_misc":{"Written by":"Lea Brunelle","Est. reading time":"2 minutes"},"schema":{"@context":"https:\/\/schema.org","@graph":[{"@type":"Article","@id":"https:\/\/www.fld-lille.fr\/en\/release-of-the-book-lenfant-et-le-sexe-published-by-dalloz-editions\/#article","isPartOf":{"@id":"https:\/\/www.fld-lille.fr\/en\/release-of-the-book-lenfant-et-le-sexe-published-by-dalloz-editions\/"},"author":{"name":"Lea Brunelle","@id":"https:\/\/www.fld-lille.fr\/#\/schema\/person\/b94d196b4217449fed011b5c724895d6"},"headline":"Release of the book \u00ab L\u2019enfant et le sexe \u00bb published by Dalloz Editions","datePublished":"2021-06-01T13:38:12+00:00","dateModified":"2021-06-10T16:15:41+00:00","mainEntityOfPage":{"@id":"https:\/\/www.fld-lille.fr\/en\/release-of-the-book-lenfant-et-le-sexe-published-by-dalloz-editions\/"},"wordCount":460,"image":{"@id":"https:\/\/www.fld-lille.fr\/en\/release-of-the-book-lenfant-et-le-sexe-published-by-dalloz-editions\/#primaryimage"},"thumbnailUrl":"https:\/\/www.fld-lille.fr\/wp-content\/uploads\/2021\/01\/LIVRE.jpg","articleSection":["Lille","Research"],"inLanguage":"en-US"},{"@type":"WebPage","@id":"https:\/\/www.fld-lille.fr\/en\/release-of-the-book-lenfant-et-le-sexe-published-by-dalloz-editions\/","url":"https:\/\/www.fld-lille.fr\/en\/release-of-the-book-lenfant-et-le-sexe-published-by-dalloz-editions\/","name":"Release of the book \u00ab L\u2019enfant et le sexe \u00bb published by Dalloz Editions - Facult\u00e9 de droit","isPartOf":{"@id":"https:\/\/www.fld-lille.fr\/#website"},"primaryImageOfPage":{"@id":"https:\/\/www.fld-lille.fr\/en\/release-of-the-book-lenfant-et-le-sexe-published-by-dalloz-editions\/#primaryimage"},"image":{"@id":"https:\/\/www.fld-lille.fr\/en\/release-of-the-book-lenfant-et-le-sexe-published-by-dalloz-editions\/#primaryimage"},"thumbnailUrl":"https:\/\/www.fld-lille.fr\/wp-content\/uploads\/2021\/01\/LIVRE.jpg","datePublished":"2021-06-01T13:38:12+00:00","dateModified":"2021-06-10T16:15:41+00:00","author":{"@id":"https:\/\/www.fld-lille.fr\/#\/schema\/person\/b94d196b4217449fed011b5c724895d6"},"breadcrumb":{"@id":"https:\/\/www.fld-lille.fr\/en\/release-of-the-book-lenfant-et-le-sexe-published-by-dalloz-editions\/#breadcrumb"},"inLanguage":"en-US","potentialAction":[{"@type":"ReadAction","target":["https:\/\/www.fld-lille.fr\/en\/release-of-the-book-lenfant-et-le-sexe-published-by-dalloz-editions\/"]}]},{"@type":"ImageObject","inLanguage":"en-US","@id":"https:\/\/www.fld-lille.fr\/en\/release-of-the-book-lenfant-et-le-sexe-published-by-dalloz-editions\/#primaryimage","url":"https:\/\/www.fld-lille.fr\/wp-content\/uploads\/2021\/01\/LIVRE.jpg","contentUrl":"https:\/\/www.fld-lille.fr\/wp-content\/uploads\/2021\/01\/LIVRE.jpg","width":375,"height":281},{"@type":"BreadcrumbList","@id":"https:\/\/www.fld-lille.fr\/en\/release-of-the-book-lenfant-et-le-sexe-published-by-dalloz-editions\/#breadcrumb","itemListElement":[{"@type":"ListItem","position":1,"name":"Accueil","item":"https:\/\/www.fld-lille.fr\/en\/"},{"@type":"ListItem","position":2,"name":"Release of the book \u00ab L\u2019enfant et le sexe \u00bb published by Dalloz Editions"}]},{"@type":"WebSite","@id":"https:\/\/www.fld-lille.fr\/#website","url":"https:\/\/www.fld-lille.fr\/","name":"Facult\u00e9 de droit","description":"Les facult\u00e9s de l&#039;Universit\u00e9 Catholique de Lille","potentialAction":[{"@type":"SearchAction","target":{"@type":"EntryPoint","urlTemplate":"https:\/\/www.fld-lille.fr\/?s={search_term_string}"},"query-input":{"@type":"PropertyValueSpecification","valueRequired":true,"valueName":"search_term_string"}}],"inLanguage":"en-US"},{"@type":"Person","@id":"https:\/\/www.fld-lille.fr\/#\/schema\/person\/b94d196b4217449fed011b5c724895d6","name":"Lea Brunelle","url":"https:\/\/www.fld-lille.fr\/en\/author\/lea-brunelle\/"}]}},"_links":{"self":[{"href":"https:\/\/www.fld-lille.fr\/en\/wp-json\/wp\/v2\/posts\/16039","targetHints":{"allow":["GET"]}}],"collection":[{"href":"https:\/\/www.fld-lille.fr\/en\/wp-json\/wp\/v2\/posts"}],"about":[{"href":"https:\/\/www.fld-lille.fr\/en\/wp-json\/wp\/v2\/types\/post"}],"author":[{"embeddable":true,"href":"https:\/\/www.fld-lille.fr\/en\/wp-json\/wp\/v2\/users\/38"}],"replies":[{"embeddable":true,"href":"https:\/\/www.fld-lille.fr\/en\/wp-json\/wp\/v2\/comments?post=16039"}],"version-history":[{"count":2,"href":"https:\/\/www.fld-lille.fr\/en\/wp-json\/wp\/v2\/posts\/16039\/revisions"}],"predecessor-version":[{"id":16294,"href":"https:\/\/www.fld-lille.fr\/en\/wp-json\/wp\/v2\/posts\/16039\/revisions\/16294"}],"wp:featuredmedia":[{"embeddable":true,"href":"https:\/\/www.fld-lille.fr\/en\/wp-json\/wp\/v2\/media\/15102"}],"wp:attachment":[{"href":"https:\/\/www.fld-lille.fr\/en\/wp-json\/wp\/v2\/media?parent=16039"}],"wp:term":[{"taxonomy":"category","embeddable":true,"href":"https:\/\/www.fld-lille.fr\/en\/wp-json\/wp\/v2\/categories?post=16039"},{"taxonomy":"post_tag","embeddable":true,"href":"https:\/\/www.fld-lille.fr\/en\/wp-json\/wp\/v2\/tags?post=16039"}],"curies":[{"name":"wp","href":"https:\/\/api.w.org\/{rel}","templated":true}]}}